{"id":246,"date":"2020-05-30T10:55:45","date_gmt":"2020-05-30T10:55:45","guid":{"rendered":"https:\/\/www.saladeprensa.org\/que-hacen-los-diputados\/?p=246"},"modified":"2021-04-19T16:07:58","modified_gmt":"2021-04-19T16:07:58","slug":"monitorizar-a-los-diputados-del-congreso-en-cuatro-pasos","status":"publish","type":"post","link":"https:\/\/www.saladeprensa.org\/que-hacen-los-diputados\/monitorizar-a-los-diputados-del-congreso-en-cuatro-pasos\/","title":{"rendered":"Monitorizar a los diputados del Congreso en cuatro pasos"},"content":{"rendered":"\n<p>Una imagen vale m\u00e1s que mil palabras, y este gr\u00e1fico con los indicadores de confianza pol\u00edtica de la ciudadan\u00eda espa\u00f1ola en los \u00faltimos 17 a\u00f1os es bastante claro.<\/p>\n\n\n\n<p>Con las elecciones de 2011, que gan\u00f3 el Partido Popular, la confianza de los ciudadanos en la pol\u00edtica remont\u00f3 respecto a la etapa anterior del gobierno socialista.&nbsp;<strong>Entre 2012 y 2013 el descalabro ha sido inmenso<\/strong>, ya que los datos son todav\u00eda peores que en \u00e9pocas de escasa confianza.<\/p>\n\n\n\n<div class=\"wp-block-image\"><figure class=\"aligncenter size-medium\"><img loading=\"lazy\" decoding=\"async\" width=\"530\" height=\"386\" src=\"https:\/\/www.saladeprensa.org\/que-hacen-los-diputados\/wp-content\/uploads\/confianza-politica-530x386.jpg\" alt=\"\" class=\"wp-image-247\" srcset=\"https:\/\/www.saladeprensa.org\/que-hacen-los-diputados\/wp-content\/uploads\/confianza-politica-530x386.jpg 530w, https:\/\/www.saladeprensa.org\/que-hacen-los-diputados\/wp-content\/uploads\/confianza-politica-195x142.jpg 195w, https:\/\/www.saladeprensa.org\/que-hacen-los-diputados\/wp-content\/uploads\/confianza-politica.jpg 717w\" sizes=\"auto, (max-width: 530px) 100vw, 530px\" \/><figcaption>Indicadores CIS confianza pol\u00edtica<\/figcaption><\/figure><\/div>\n\n\n\n<p>La desafecci\u00f3n de los ciudadanos es generalizada, tambi\u00e9n en el terreno econ\u00f3mico -seg\u00fan las encuestas del CIS la confianza en la econom\u00eda ha ido disminuyendo paulatinamente- y respecto al gobierno y la oposici\u00f3n.<\/p>\n\n\n\n<p>Habr\u00e1 que ver los datos del bar\u00f3metro de febrero, tras el estallido del caso B\u00e1rcenas o el presunto espionaje en Catalu\u00f1a. Afortunadamente, tenemos informaci\u00f3n, pero despu\u00e9s, \u00bfqu\u00e9? \u00bfQu\u00e9 podemos hacer como <strong>ciudadanos para<\/strong> <strong>empoderarnos<\/strong>?<\/p>\n\n\n\n<p>La cuesti\u00f3n surgi\u00f3 en un debate tras una sesi\u00f3n en Medialab Prado (un espacio del ayuntamiento de Madrid) titulada \u201cEsfera p\u00fablica central y perif\u00e9ricas\u201d sobre los diferentes actores que expresan la opini\u00f3n p\u00fablica: poderes pol\u00edtico y econ\u00f3mico por un lado, ciudadan\u00eda por otro.<\/p>\n\n\n\n<p>En Qu\u00e9 hacen los diputados creemos que la <strong>informaci\u00f3n es fundamental para poder exigir explicaciones<\/strong>, entre otros, a nuestros diputados. En el blog hemos denunciado muchas veces la falta de informaci\u00f3n sobre sueldos y viajes de los parlamentarios, por ejemplo, o nos hemos preguntado qui\u00e9n introduce cada sugerencia en los informes de las ponencias en la tramitaci\u00f3n de una ley.<\/p>\n\n\n\n<p>Sin embargo, con la informaci\u00f3n que tenemos disponible <strong>es posible saber gran parte de lo que hace el diputado de tu provincia<\/strong>: en qu\u00e9 proyectos de ley est\u00e1 colaborando, si pregunta por los problemas de tu zona, si asiste a los plenos con votaci\u00f3n y qu\u00e9 vota en ellos, qu\u00e9 dice cuando habla en el Congreso, ante los medios de comunicaci\u00f3n o en las redes sociales.<\/p>\n\n\n\n<p>Ah\u00ed va una propuesta de gu\u00eda para<strong> monitorizar a tu diputado en el Congreso<\/strong><\/p>\n\n\n\n<p>1. <strong>Comienza a seguir a tu diputado\/a en las redes sociales<\/strong>. Los diputados b\u00e1sicamente usan Twitter y Facebook. Para encontrarlo entra en su ficha del Congreso, all\u00ed est\u00e1n enlazadas no solo sus cuentas en redes, sino tambi\u00e9n su blog si lo tienen. Para ver lo que dicen en Twitter no es necesario abrir una cuenta, pero s\u00ed aconsejable, en caso de que quieras comentar algo con ella o \u00e9l. En Facebook s\u00ed que hay que abrir cuenta, tanto para a\u00f1adirle como amigo\/a como para seguir su \u201cfan page\u201d.<\/p>\n\n\n\n<p>En el siguiente v\u00eddeo te ense\u00f1amos c\u00f3mo llegar a la famosa ficha.<\/p>\n\n\n\n<p>2.<strong> Sigue su trabajo en la web del Congreso<\/strong>, que publica las iniciativas que presenta y las intervenciones en pleno o comisi\u00f3n en la propia ficha del diputado\/a que os hemos mostrado en el v\u00eddeo anterior.<\/p>\n\n\n\n<p>Para saber si el diputado forma parte de una ponencia parlamentaria, es decir, si es uno de los diputados que ayuda a elaborar un informe previo a la tramitaci\u00f3n de un proyecto de ley, ya ten\u00e9is que entrar en el proyecto de ley en s\u00ed.<\/p>\n\n\n\n<p>Sabiendo en qu\u00e9 comisiones trabaja el diputado podemos ver los <strong>proyectos que tiene en marcha la comisi\u00f3n<\/strong> y si participa de ellos. Consultad este tutorial para encontrar la informaci\u00f3n de las comisiones.<\/p>\n\n\n\n<p>3. <strong>Ent\u00e9rate de qu\u00e9 vota tu diputado\/a<\/strong>: es posible saber qu\u00e9 ha votado el diputado en las iniciativas presentadas en el pleno y si el diputado ha asistido o no. En este tutorial os explicamos <strong>c\u00f3mo llegar a la votaciones<\/strong>.<\/p>\n\n\n\n<p>Hay que tener en cuenta que los datos de votaci\u00f3n -y por tanto de asistencia- solo existen si ese d\u00eda se vota. No hay ninguna otra manera de saber si los diputados acuden al Congreso, ya que no tienen obligaci\u00f3n de \u201cfichar\u201d o de registrar su presencia.<\/p>\n\n\n\n<p>4.&nbsp;<strong>Ent\u00e9rate de qu\u00e9 dice tu diputado\/a en los medios de comunicaci\u00f3n<\/strong>, qu\u00e9 se dice en los blogs, etc. En el siguiente v\u00eddeo que colgamos el pasado a\u00f1o os mostramos c\u00f3mo crear alertas en Google Reader para que os lleguen las novedades autom\u00e1ticamente.<\/p>\n\n\n\n<p>Estas son las herramientas b\u00e1sicas que proponemos para seguir y fiscalizar la tarea de los diputados y diputadas. Si os anim\u00e1is a seguir a alguno y ten\u00e9is dudas pod\u00e9is poneros en contacto con nosotros.<\/p>\n\n\n\n<p>Una imagen vale m\u00e1s que mil palabras, y este gr\u00e1fico con los indicadores de confianza pol\u00edtica de la ciudadan\u00eda espa\u00f1ola en los \u00faltimos 17 a\u00f1os es bastante claro.<\/p>\n\n\n\n<p>Con las elecciones de 2011, que gan\u00f3 el Partido Popular, la confianza de los ciudadanos en la pol\u00edtica remont\u00f3 respecto a la etapa anterior del gobierno socialista.&nbsp;<strong>Entre 2012 y 2013 el descalabro ha sido inmenso<\/strong>, ya que los datos son todav\u00eda peores que en \u00e9pocas de escasa confianza.<\/p>\n\n\n\n<div class=\"wp-block-image\"><figure class=\"aligncenter size-medium\"><img loading=\"lazy\" decoding=\"async\" width=\"530\" height=\"386\" src=\"https:\/\/www.saladeprensa.org\/que-hacen-los-diputados\/wp-content\/uploads\/confianza-politica-530x386.jpg\" alt=\"\" class=\"wp-image-247\" srcset=\"https:\/\/www.saladeprensa.org\/que-hacen-los-diputados\/wp-content\/uploads\/confianza-politica-530x386.jpg 530w, https:\/\/www.saladeprensa.org\/que-hacen-los-diputados\/wp-content\/uploads\/confianza-politica-195x142.jpg 195w, https:\/\/www.saladeprensa.org\/que-hacen-los-diputados\/wp-content\/uploads\/confianza-politica.jpg 717w\" sizes=\"auto, (max-width: 530px) 100vw, 530px\" \/><figcaption>Indicadores CIS confianza pol\u00edtica<\/figcaption><\/figure><\/div>\n\n\n\n<p>La desafecci\u00f3n de los ciudadanos es generalizada, tambi\u00e9n en el terreno econ\u00f3mico -seg\u00fan las encuestas del CIS la confianza en la econom\u00eda ha ido disminuyendo paulatinamente- y respecto al gobierno y la oposici\u00f3n.<\/p>\n\n\n\n<p>Habr\u00e1 que ver los datos del bar\u00f3metro de febrero, tras el estallido del caso B\u00e1rcenas o el presunto espionaje en Catalu\u00f1a. Afortunadamente, tenemos informaci\u00f3n, pero despu\u00e9s, \u00bfqu\u00e9? \u00bfQu\u00e9 podemos hacer como <strong>ciudadanos para<\/strong> <strong>empoderarnos<\/strong>?<\/p>\n\n\n\n<p>La cuesti\u00f3n surgi\u00f3 en un debate tras una sesi\u00f3n en Medialab Prado (un espacio del ayuntamiento de Madrid) titulada \u201cEsfera p\u00fablica central y perif\u00e9ricas\u201d sobre los diferentes actores que expresan la opini\u00f3n p\u00fablica: poderes pol\u00edtico y econ\u00f3mico por un lado, ciudadan\u00eda por otro.<\/p>\n\n\n\n<p>En Qu\u00e9 hacen los diputados creemos que la <strong>informaci\u00f3n es fundamental para poder exigir explicaciones<\/strong>, entre otros, a nuestros diputados. En el blog hemos denunciado muchas veces la falta de informaci\u00f3n sobre sueldos y viajes de los parlamentarios, por ejemplo, o nos hemos preguntado qui\u00e9n introduce cada sugerencia en los informes de las ponencias en la tramitaci\u00f3n de una ley.<\/p>\n\n\n\n<p>Sin embargo, con la informaci\u00f3n que tenemos disponible <strong>es posible saber gran parte de lo que hace el diputado de tu provincia<\/strong>: en qu\u00e9 proyectos de ley est\u00e1 colaborando, si pregunta por los problemas de tu zona, si asiste a los plenos con votaci\u00f3n y qu\u00e9 vota en ellos, qu\u00e9 dice cuando habla en el Congreso, ante los medios de comunicaci\u00f3n o en las redes sociales.<\/p>\n\n\n\n<p>Ah\u00ed va una propuesta de gu\u00eda para<strong> monitorizar a tu diputado en el Congreso<\/strong><\/p>\n\n\n\n<p>1. <strong>Comienza a seguir a tu diputado\/a en las redes sociales<\/strong>. Los diputados b\u00e1sicamente usan Twitter y Facebook. Para encontrarlo entra en su ficha del Congreso, all\u00ed est\u00e1n enlazadas no solo sus cuentas en redes, sino tambi\u00e9n su blog si lo tienen. Para ver lo que dicen en Twitter no es necesario abrir una cuenta, pero s\u00ed aconsejable, en caso de que quieras comentar algo con ella o \u00e9l. En Facebook s\u00ed que hay que abrir cuenta, tanto para a\u00f1adirle como amigo\/a como para seguir su \u201cfan page\u201d.<\/p>\n\n\n\n<p>En el siguiente v\u00eddeo te ense\u00f1amos c\u00f3mo llegar a la famosa ficha.<\/p>\n\n\n\n<p>2.<strong> Sigue su trabajo en la web del Congreso<\/strong>, que publica las iniciativas que presenta y las intervenciones en pleno o comisi\u00f3n en la propia ficha del diputado\/a que os hemos mostrado en el v\u00eddeo anterior.<\/p>\n\n\n\n<p>Para saber si el diputado forma parte de una ponencia parlamentaria, es decir, si es uno de los diputados que ayuda a elaborar un informe previo a la tramitaci\u00f3n de un proyecto de ley, ya ten\u00e9is que entrar en el proyecto de ley en s\u00ed.<\/p>\n\n\n\n<p>Sabiendo en qu\u00e9 comisiones trabaja el diputado podemos ver los <strong>proyectos que tiene en marcha la comisi\u00f3n<\/strong> y si participa de ellos. Consultad este tutorial para encontrar la informaci\u00f3n de las comisiones.<\/p>\n\n\n\n<p>3. <strong>Ent\u00e9rate de qu\u00e9 vota tu diputado\/a<\/strong>: es posible saber qu\u00e9 ha votado el diputado en las iniciativas presentadas en el pleno y si el diputado ha asistido o no. En este tutorial os explicamos <strong>c\u00f3mo llegar a la votaciones<\/strong>.<\/p>\n\n\n\n<p>Hay que tener en cuenta que los datos de votaci\u00f3n -y por tanto de asistencia- solo existen si ese d\u00eda se vota. No hay ninguna otra manera de saber si los diputados acuden al Congreso, ya que no tienen obligaci\u00f3n de \u201cfichar\u201d o de registrar su presencia.<\/p>\n\n\n\n<p>4.&nbsp;<strong>Ent\u00e9rate de qu\u00e9 dice tu diputado\/a en los medios de comunicaci\u00f3n<\/strong>, qu\u00e9 se dice en los blogs, etc. En el siguiente v\u00eddeo que colgamos el pasado a\u00f1o os mostramos c\u00f3mo crear alertas en Google Reader para que os lleguen las novedades autom\u00e1ticamente.<\/p>\n\n\n\n<p>Estas son las herramientas b\u00e1sicas que proponemos para seguir y fiscalizar la tarea de los diputados y diputadas. Si os anim\u00e1is a seguir a alguno y ten\u00e9is dudas pod\u00e9is poneros en contacto con nosotros.<\/p>\n","protected":false},"excerpt":{"rendered":"<p>Una imagen vale m\u00e1s que mil palabras, y este gr\u00e1fico con los indicadores de confianza pol\u00edtica de la ciudadan\u00eda espa\u00f1ola en los \u00faltimos 17 a\u00f1os es bastante claro. Con las elecciones de 2011, que gan\u00f3 el Partido Popular, la confianza de los ciudadanos en la pol\u00edtica remont\u00f3 respecto a la etapa anterior del gobierno socialista.&nbsp;Entre [&hellip;]<\/p>\n","protected":false},"author":1,"featured_media":0,"comment_status":"open","ping_status":"open","sticky":false,"template":"","format":"standard","meta":{"site-sidebar-layout":"default","site-content-layout":"default","ast-site-content-layout":"","site-content-style":"default","site-sidebar-style":"default","ast-global-header-display":"","ast-banner-title-visibility":"","ast-main-header-display":"","ast-hfb-above-header-display":"","ast-hfb-below-header-display":"","ast-hfb-mobile-header-display":"","site-post-title":"","ast-breadcrumbs-content":"","ast-featured-img":"","footer-sml-layout":"","theme-transparent-header-meta":"default","adv-header-id-meta":"","stick-header-meta":"","header-above-stick-meta":"","header-main-stick-meta":"","header-below-stick-meta":"","astra-migrate-meta-layouts":"default","ast-page-background-enabled":"default","ast-page-background-meta":{"desktop":{"background-color":"","background-image":"","background-repeat":"repeat","background-position":"center center","background-size":"auto","background-attachment":"scroll","background-type":"","background-media":"","overlay-type":"","overlay-color":"","overlay-opacity":"","overlay-gradient":""},"tablet":{"background-color":"","background-image":"","background-repeat":"repeat","background-position":"center center","background-size":"auto","background-attachment":"scroll","background-type":"","background-media":"","overlay-type":"","overlay-color":"","overlay-opacity":"","overlay-gradient":""},"mobile":{"background-color":"","background-image":"","background-repeat":"repeat","background-position":"center center","background-size":"auto","background-attachment":"scroll","background-type":"","background-media":"","overlay-type":"","overlay-color":"","overlay-opacity":"","overlay-gradient":""}},"ast-content-background-meta":{"desktop":{"background-color":"var(--ast-global-color-5)","background-image":"","background-repeat":"repeat","background-position":"center center","background-size":"auto","background-attachment":"scroll","background-type":"","background-media":"","overlay-type":"","overlay-color":"","overlay-opacity":"","overlay-gradient":""},"tablet":{"background-color":"var(--ast-global-color-5)","background-image":"","background-repeat":"repeat","background-position":"center center","background-size":"auto","background-attachment":"scroll","background-type":"","background-media":"","overlay-type":"","overlay-color":"","overlay-opacity":"","overlay-gradient":""},"mobile":{"background-color":"var(--ast-global-color-5)","background-image":"","background-repeat":"repeat","background-position":"center center","background-size":"auto","background-attachment":"scroll","background-type":"","background-media":"","overlay-type":"","overlay-color":"","overlay-opacity":"","overlay-gradient":""}},"footnotes":""},"categories":[1],"tags":[],"class_list":["post-246","post","type-post","status-publish","format-standard","hentry","category-sin-categoria"],"yoast_head":"<!-- This site is optimized with the Yoast SEO plugin v25.1 - https:\/\/yoast.com\/wordpress\/plugins\/seo\/ -->\n<title>Monitorizar a los diputados del Congreso en cuatro pasos | Sala de prensa<\/title>\n<meta name=\"robots\" content=\"index, follow, max-snippet:-1, max-image-preview:large, max-video-preview:-1\" \/>\n<link rel=\"canonical\" href=\"https:\/\/www.saladeprensa.org\/que-hacen-los-diputados\/monitorizar-a-los-diputados-del-congreso-en-cuatro-pasos\/\" \/>\n<meta property=\"og:locale\" content=\"es_ES\" \/>\n<meta property=\"og:type\" content=\"article\" \/>\n<meta property=\"og:title\" content=\"Monitorizar a los diputados del Congreso en cuatro pasos | Sala de prensa\" \/>\n<meta property=\"og:description\" content=\"Una imagen vale m\u00e1s que mil palabras, y este gr\u00e1fico con los indicadores de confianza pol\u00edtica de la ciudadan\u00eda espa\u00f1ola en los \u00faltimos 17 a\u00f1os es bastante claro. Con las elecciones de 2011, que gan\u00f3 el Partido Popular, la confianza de los ciudadanos en la pol\u00edtica remont\u00f3 respecto a la etapa anterior del gobierno socialista.&nbsp;Entre [&hellip;]\" \/>\n<meta property=\"og:url\" content=\"https:\/\/www.saladeprensa.org\/que-hacen-los-diputados\/monitorizar-a-los-diputados-del-congreso-en-cuatro-pasos\/\" \/>\n<meta property=\"og:site_name\" content=\"Sala de prensa\" \/>\n<meta property=\"article:published_time\" content=\"2020-05-30T10:55:45+00:00\" \/>\n<meta property=\"article:modified_time\" content=\"2021-04-19T16:07:58+00:00\" \/>\n<meta property=\"og:image\" content=\"https:\/\/www.saladeprensa.org\/que-hacen-los-diputados\/wp-content\/uploads\/confianza-politica-530x386.jpg\" \/>\n<meta name=\"author\" content=\"eric\" \/>\n<meta name=\"twitter:card\" content=\"summary_large_image\" \/>\n<meta name=\"twitter:label1\" content=\"Escrito por\" \/>\n\t<meta name=\"twitter:data1\" content=\"eric\" \/>\n\t<meta name=\"twitter:label2\" content=\"Tiempo de lectura\" \/>\n\t<meta name=\"twitter:data2\" content=\"7 minutos\" \/>\n<script type=\"application\/ld+json\" class=\"yoast-schema-graph\">{\"@context\":\"https:\/\/schema.org\",\"@graph\":[{\"@type\":\"Article\",\"@id\":\"https:\/\/www.saladeprensa.org\/que-hacen-los-diputados\/monitorizar-a-los-diputados-del-congreso-en-cuatro-pasos\/#article\",\"isPartOf\":{\"@id\":\"https:\/\/www.saladeprensa.org\/que-hacen-los-diputados\/monitorizar-a-los-diputados-del-congreso-en-cuatro-pasos\/\"},\"author\":{\"name\":\"eric\",\"@id\":\"https:\/\/www.saladeprensa.org\/que-hacen-los-diputados\/#\/schema\/person\/c0b7ed04d0e0c7cd3129369e69180318\"},\"headline\":\"Monitorizar a los diputados del Congreso en cuatro pasos\",\"datePublished\":\"2020-05-30T10:55:45+00:00\",\"dateModified\":\"2021-04-19T16:07:58+00:00\",\"mainEntityOfPage\":{\"@id\":\"https:\/\/www.saladeprensa.org\/que-hacen-los-diputados\/monitorizar-a-los-diputados-del-congreso-en-cuatro-pasos\/\"},\"wordCount\":1553,\"commentCount\":0,\"publisher\":{\"@id\":\"https:\/\/www.saladeprensa.org\/que-hacen-los-diputados\/#organization\"},\"image\":{\"@id\":\"https:\/\/www.saladeprensa.org\/que-hacen-los-diputados\/monitorizar-a-los-diputados-del-congreso-en-cuatro-pasos\/#primaryimage\"},\"thumbnailUrl\":\"https:\/\/www.saladeprensa.org\/que-hacen-los-diputados\/wp-content\/uploads\/confianza-politica-530x386.jpg\",\"inLanguage\":\"es\",\"potentialAction\":[{\"@type\":\"CommentAction\",\"name\":\"Comment\",\"target\":[\"https:\/\/www.saladeprensa.org\/que-hacen-los-diputados\/monitorizar-a-los-diputados-del-congreso-en-cuatro-pasos\/#respond\"]}]},{\"@type\":\"WebPage\",\"@id\":\"https:\/\/www.saladeprensa.org\/que-hacen-los-diputados\/monitorizar-a-los-diputados-del-congreso-en-cuatro-pasos\/\",\"url\":\"https:\/\/www.saladeprensa.org\/que-hacen-los-diputados\/monitorizar-a-los-diputados-del-congreso-en-cuatro-pasos\/\",\"name\":\"Monitorizar a los diputados del Congreso en cuatro pasos | Sala de prensa\",\"isPartOf\":{\"@id\":\"https:\/\/www.saladeprensa.org\/que-hacen-los-diputados\/#website\"},\"primaryImageOfPage\":{\"@id\":\"https:\/\/www.saladeprensa.org\/que-hacen-los-diputados\/monitorizar-a-los-diputados-del-congreso-en-cuatro-pasos\/#primaryimage\"},\"image\":{\"@id\":\"https:\/\/www.saladeprensa.org\/que-hacen-los-diputados\/monitorizar-a-los-diputados-del-congreso-en-cuatro-pasos\/#primaryimage\"},\"thumbnailUrl\":\"https:\/\/www.saladeprensa.org\/que-hacen-los-diputados\/wp-content\/uploads\/confianza-politica-530x386.jpg\",\"datePublished\":\"2020-05-30T10:55:45+00:00\",\"dateModified\":\"2021-04-19T16:07:58+00:00\",\"breadcrumb\":{\"@id\":\"https:\/\/www.saladeprensa.org\/que-hacen-los-diputados\/monitorizar-a-los-diputados-del-congreso-en-cuatro-pasos\/#breadcrumb\"},\"inLanguage\":\"es\",\"potentialAction\":[{\"@type\":\"ReadAction\",\"target\":[\"https:\/\/www.saladeprensa.org\/que-hacen-los-diputados\/monitorizar-a-los-diputados-del-congreso-en-cuatro-pasos\/\"]}]},{\"@type\":\"ImageObject\",\"inLanguage\":\"es\",\"@id\":\"https:\/\/www.saladeprensa.org\/que-hacen-los-diputados\/monitorizar-a-los-diputados-del-congreso-en-cuatro-pasos\/#primaryimage\",\"url\":\"https:\/\/www.saladeprensa.org\/que-hacen-los-diputados\/wp-content\/uploads\/confianza-politica.jpg\",\"contentUrl\":\"https:\/\/www.saladeprensa.org\/que-hacen-los-diputados\/wp-content\/uploads\/confianza-politica.jpg\",\"width\":717,\"height\":522},{\"@type\":\"BreadcrumbList\",\"@id\":\"https:\/\/www.saladeprensa.org\/que-hacen-los-diputados\/monitorizar-a-los-diputados-del-congreso-en-cuatro-pasos\/#breadcrumb\",\"itemListElement\":[{\"@type\":\"ListItem\",\"position\":1,\"name\":\"Portada\",\"item\":\"https:\/\/www.saladeprensa.org\/que-hacen-los-diputados\/\"},{\"@type\":\"ListItem\",\"position\":2,\"name\":\"Monitorizar a los diputados del Congreso en cuatro pasos\"}]},{\"@type\":\"WebSite\",\"@id\":\"https:\/\/www.saladeprensa.org\/que-hacen-los-diputados\/#website\",\"url\":\"https:\/\/www.saladeprensa.org\/que-hacen-los-diputados\/\",\"name\":\"Sala de prensa\",\"description\":\"Otro sitio realizado con WordPress\",\"publisher\":{\"@id\":\"https:\/\/www.saladeprensa.org\/que-hacen-los-diputados\/#organization\"},\"potentialAction\":[{\"@type\":\"SearchAction\",\"target\":{\"@type\":\"EntryPoint\",\"urlTemplate\":\"https:\/\/www.saladeprensa.org\/que-hacen-los-diputados\/?s={search_term_string}\"},\"query-input\":{\"@type\":\"PropertyValueSpecification\",\"valueRequired\":true,\"valueName\":\"search_term_string\"}}],\"inLanguage\":\"es\"},{\"@type\":\"Organization\",\"@id\":\"https:\/\/www.saladeprensa.org\/que-hacen-los-diputados\/#organization\",\"name\":\"Sala de prensa\",\"url\":\"https:\/\/www.saladeprensa.org\/que-hacen-los-diputados\/\",\"logo\":{\"@type\":\"ImageObject\",\"inLanguage\":\"es\",\"@id\":\"https:\/\/www.saladeprensa.org\/que-hacen-los-diputados\/#\/schema\/logo\/image\/\",\"url\":\"https:\/\/www.saladeprensa.org\/que-hacen-los-diputados\/wp-content\/uploads\/logo-saladeprensa.png\",\"contentUrl\":\"https:\/\/www.saladeprensa.org\/que-hacen-los-diputados\/wp-content\/uploads\/logo-saladeprensa.png\",\"width\":256,\"height\":64,\"caption\":\"Sala de prensa\"},\"image\":{\"@id\":\"https:\/\/www.saladeprensa.org\/que-hacen-los-diputados\/#\/schema\/logo\/image\/\"}},{\"@type\":\"Person\",\"@id\":\"https:\/\/www.saladeprensa.org\/que-hacen-los-diputados\/#\/schema\/person\/c0b7ed04d0e0c7cd3129369e69180318\",\"name\":\"eric\",\"image\":{\"@type\":\"ImageObject\",\"inLanguage\":\"es\",\"@id\":\"https:\/\/www.saladeprensa.org\/que-hacen-los-diputados\/#\/schema\/person\/image\/\",\"url\":\"https:\/\/secure.gravatar.com\/avatar\/03d9cb0a59502131405cd196850d9a09361cb5ff31a4b78acbabd4c38205996e?s=96&d=mm&r=g\",\"contentUrl\":\"https:\/\/secure.gravatar.com\/avatar\/03d9cb0a59502131405cd196850d9a09361cb5ff31a4b78acbabd4c38205996e?s=96&d=mm&r=g\",\"caption\":\"eric\"},\"sameAs\":[\"https:\/\/www.saladeprensa.org\/que-hacen-los-diputados\"]}]}<\/script>\n<!-- \/ Yoast SEO plugin. -->","yoast_head_json":{"title":"Monitorizar a los diputados del Congreso en cuatro pasos | Sala de prensa","robots":{"index":"index","follow":"follow","max-snippet":"max-snippet:-1","max-image-preview":"max-image-preview:large","max-video-preview":"max-video-preview:-1"},"canonical":"https:\/\/www.saladeprensa.org\/que-hacen-los-diputados\/monitorizar-a-los-diputados-del-congreso-en-cuatro-pasos\/","og_locale":"es_ES","og_type":"article","og_title":"Monitorizar a los diputados del Congreso en cuatro pasos | Sala de prensa","og_description":"Una imagen vale m\u00e1s que mil palabras, y este gr\u00e1fico con los indicadores de confianza pol\u00edtica de la ciudadan\u00eda espa\u00f1ola en los \u00faltimos 17 a\u00f1os es bastante claro. Con las elecciones de 2011, que gan\u00f3 el Partido Popular, la confianza de los ciudadanos en la pol\u00edtica remont\u00f3 respecto a la etapa anterior del gobierno socialista.&nbsp;Entre [&hellip;]","og_url":"https:\/\/www.saladeprensa.org\/que-hacen-los-diputados\/monitorizar-a-los-diputados-del-congreso-en-cuatro-pasos\/","og_site_name":"Sala de prensa","article_published_time":"2020-05-30T10:55:45+00:00","article_modified_time":"2021-04-19T16:07:58+00:00","og_image":[{"url":"https:\/\/www.saladeprensa.org\/que-hacen-los-diputados\/wp-content\/uploads\/confianza-politica-530x386.jpg","type":"","width":"","height":""}],"author":"eric","twitter_card":"summary_large_image","twitter_misc":{"Escrito por":"eric","Tiempo de lectura":"7 minutos"},"schema":{"@context":"https:\/\/schema.org","@graph":[{"@type":"Article","@id":"https:\/\/www.saladeprensa.org\/que-hacen-los-diputados\/monitorizar-a-los-diputados-del-congreso-en-cuatro-pasos\/#article","isPartOf":{"@id":"https:\/\/www.saladeprensa.org\/que-hacen-los-diputados\/monitorizar-a-los-diputados-del-congreso-en-cuatro-pasos\/"},"author":{"name":"eric","@id":"https:\/\/www.saladeprensa.org\/que-hacen-los-diputados\/#\/schema\/person\/c0b7ed04d0e0c7cd3129369e69180318"},"headline":"Monitorizar a los diputados del Congreso en cuatro pasos","datePublished":"2020-05-30T10:55:45+00:00","dateModified":"2021-04-19T16:07:58+00:00","mainEntityOfPage":{"@id":"https:\/\/www.saladeprensa.org\/que-hacen-los-diputados\/monitorizar-a-los-diputados-del-congreso-en-cuatro-pasos\/"},"wordCount":1553,"commentCount":0,"publisher":{"@id":"https:\/\/www.saladeprensa.org\/que-hacen-los-diputados\/#organization"},"image":{"@id":"https:\/\/www.saladeprensa.org\/que-hacen-los-diputados\/monitorizar-a-los-diputados-del-congreso-en-cuatro-pasos\/#primaryimage"},"thumbnailUrl":"https:\/\/www.saladeprensa.org\/que-hacen-los-diputados\/wp-content\/uploads\/confianza-politica-530x386.jpg","inLanguage":"es","potentialAction":[{"@type":"CommentAction","name":"Comment","target":["https:\/\/www.saladeprensa.org\/que-hacen-los-diputados\/monitorizar-a-los-diputados-del-congreso-en-cuatro-pasos\/#respond"]}]},{"@type":"WebPage","@id":"https:\/\/www.saladeprensa.org\/que-hacen-los-diputados\/monitorizar-a-los-diputados-del-congreso-en-cuatro-pasos\/","url":"https:\/\/www.saladeprensa.org\/que-hacen-los-diputados\/monitorizar-a-los-diputados-del-congreso-en-cuatro-pasos\/","name":"Monitorizar a los diputados del Congreso en cuatro pasos | Sala de prensa","isPartOf":{"@id":"https:\/\/www.saladeprensa.org\/que-hacen-los-diputados\/#website"},"primaryImageOfPage":{"@id":"https:\/\/www.saladeprensa.org\/que-hacen-los-diputados\/monitorizar-a-los-diputados-del-congreso-en-cuatro-pasos\/#primaryimage"},"image":{"@id":"https:\/\/www.saladeprensa.org\/que-hacen-los-diputados\/monitorizar-a-los-diputados-del-congreso-en-cuatro-pasos\/#primaryimage"},"thumbnailUrl":"https:\/\/www.saladeprensa.org\/que-hacen-los-diputados\/wp-content\/uploads\/confianza-politica-530x386.jpg","datePublished":"2020-05-30T10:55:45+00:00","dateModified":"2021-04-19T16:07:58+00:00","breadcrumb":{"@id":"https:\/\/www.saladeprensa.org\/que-hacen-los-diputados\/monitorizar-a-los-diputados-del-congreso-en-cuatro-pasos\/#breadcrumb"},"inLanguage":"es","potentialAction":[{"@type":"ReadAction","target":["https:\/\/www.saladeprensa.org\/que-hacen-los-diputados\/monitorizar-a-los-diputados-del-congreso-en-cuatro-pasos\/"]}]},{"@type":"ImageObject","inLanguage":"es","@id":"https:\/\/www.saladeprensa.org\/que-hacen-los-diputados\/monitorizar-a-los-diputados-del-congreso-en-cuatro-pasos\/#primaryimage","url":"https:\/\/www.saladeprensa.org\/que-hacen-los-diputados\/wp-content\/uploads\/confianza-politica.jpg","contentUrl":"https:\/\/www.saladeprensa.org\/que-hacen-los-diputados\/wp-content\/uploads\/confianza-politica.jpg","width":717,"height":522},{"@type":"BreadcrumbList","@id":"https:\/\/www.saladeprensa.org\/que-hacen-los-diputados\/monitorizar-a-los-diputados-del-congreso-en-cuatro-pasos\/#breadcrumb","itemListElement":[{"@type":"ListItem","position":1,"name":"Portada","item":"https:\/\/www.saladeprensa.org\/que-hacen-los-diputados\/"},{"@type":"ListItem","position":2,"name":"Monitorizar a los diputados del Congreso en cuatro pasos"}]},{"@type":"WebSite","@id":"https:\/\/www.saladeprensa.org\/que-hacen-los-diputados\/#website","url":"https:\/\/www.saladeprensa.org\/que-hacen-los-diputados\/","name":"Sala de prensa","description":"Otro sitio realizado con WordPress","publisher":{"@id":"https:\/\/www.saladeprensa.org\/que-hacen-los-diputados\/#organization"},"potentialAction":[{"@type":"SearchAction","target":{"@type":"EntryPoint","urlTemplate":"https:\/\/www.saladeprensa.org\/que-hacen-los-diputados\/?s={search_term_string}"},"query-input":{"@type":"PropertyValueSpecification","valueRequired":true,"valueName":"search_term_string"}}],"inLanguage":"es"},{"@type":"Organization","@id":"https:\/\/www.saladeprensa.org\/que-hacen-los-diputados\/#organization","name":"Sala de prensa","url":"https:\/\/www.saladeprensa.org\/que-hacen-los-diputados\/","logo":{"@type":"ImageObject","inLanguage":"es","@id":"https:\/\/www.saladeprensa.org\/que-hacen-los-diputados\/#\/schema\/logo\/image\/","url":"https:\/\/www.saladeprensa.org\/que-hacen-los-diputados\/wp-content\/uploads\/logo-saladeprensa.png","contentUrl":"https:\/\/www.saladeprensa.org\/que-hacen-los-diputados\/wp-content\/uploads\/logo-saladeprensa.png","width":256,"height":64,"caption":"Sala de prensa"},"image":{"@id":"https:\/\/www.saladeprensa.org\/que-hacen-los-diputados\/#\/schema\/logo\/image\/"}},{"@type":"Person","@id":"https:\/\/www.saladeprensa.org\/que-hacen-los-diputados\/#\/schema\/person\/c0b7ed04d0e0c7cd3129369e69180318","name":"eric","image":{"@type":"ImageObject","inLanguage":"es","@id":"https:\/\/www.saladeprensa.org\/que-hacen-los-diputados\/#\/schema\/person\/image\/","url":"https:\/\/secure.gravatar.com\/avatar\/03d9cb0a59502131405cd196850d9a09361cb5ff31a4b78acbabd4c38205996e?s=96&d=mm&r=g","contentUrl":"https:\/\/secure.gravatar.com\/avatar\/03d9cb0a59502131405cd196850d9a09361cb5ff31a4b78acbabd4c38205996e?s=96&d=mm&r=g","caption":"eric"},"sameAs":["https:\/\/www.saladeprensa.org\/que-hacen-los-diputados"]}]}},"_links":{"self":[{"href":"https:\/\/www.saladeprensa.org\/que-hacen-los-diputados\/wp-json\/wp\/v2\/posts\/246","targetHints":{"allow":["GET"]}}],"collection":[{"href":"https:\/\/www.saladeprensa.org\/que-hacen-los-diputados\/wp-json\/wp\/v2\/posts"}],"about":[{"href":"https:\/\/www.saladeprensa.org\/que-hacen-los-diputados\/wp-json\/wp\/v2\/types\/post"}],"author":[{"embeddable":true,"href":"https:\/\/www.saladeprensa.org\/que-hacen-los-diputados\/wp-json\/wp\/v2\/users\/1"}],"replies":[{"embeddable":true,"href":"https:\/\/www.saladeprensa.org\/que-hacen-los-diputados\/wp-json\/wp\/v2\/comments?post=246"}],"version-history":[{"count":4,"href":"https:\/\/www.saladeprensa.org\/que-hacen-los-diputados\/wp-json\/wp\/v2\/posts\/246\/revisions"}],"predecessor-version":[{"id":323,"href":"https:\/\/www.saladeprensa.org\/que-hacen-los-diputados\/wp-json\/wp\/v2\/posts\/246\/revisions\/323"}],"wp:attachment":[{"href":"https:\/\/www.saladeprensa.org\/que-hacen-los-diputados\/wp-json\/wp\/v2\/media?parent=246"}],"wp:term":[{"taxonomy":"category","embeddable":true,"href":"https:\/\/www.saladeprensa.org\/que-hacen-los-diputados\/wp-json\/wp\/v2\/categories?post=246"},{"taxonomy":"post_tag","embeddable":true,"href":"https:\/\/www.saladeprensa.org\/que-hacen-los-diputados\/wp-json\/wp\/v2\/tags?post=246"}],"curies":[{"name":"wp","href":"https:\/\/api.w.org\/{rel}","templated":true}]}}