{"id":199,"date":"2020-04-12T16:47:06","date_gmt":"2020-04-12T16:47:06","guid":{"rendered":"https:\/\/www.saladeprensa.org\/que-hacen-los-diputados\/?p=199"},"modified":"2020-05-30T08:42:12","modified_gmt":"2020-05-30T08:42:12","slug":"diputada-meritxell-batet-lamana-2","status":"publish","type":"post","link":"https:\/\/www.saladeprensa.org\/que-hacen-los-diputados\/diputado\/meritxell-batet-lamana\/actividad","title":{"rendered":"Diputada Meritxell Batet Lama\u00f1a"},"content":{"rendered":"\n<div class=\"wp-block-image\"><figure class=\"alignleft size-large\"><img loading=\"lazy\" decoding=\"async\" width=\"132\" height=\"165\" src=\"https:\/\/www.saladeprensa.org\/que-hacen-los-diputados\/wp-content\/uploads\/330.jpg\" alt=\"\" class=\"wp-image-195\"\/><\/figure><\/div>\n\n\n\n<p><strong>Meritxell<\/strong> <strong>Batet Lama\u00f1a<\/strong><\/p>\n\n\n\n<ul class=\"wp-block-list\"><li>Fecha de nacimiento: 19 de marzo de 1973 (41 a\u00f1os)<\/li><li>Lugar de nacimiento: Barcelona<\/li><li>Alta como diputada: 9 de diciembre de 2011<\/li><li>Anteriores legislaturas: VIII y IX<\/li><\/ul>\n\n\n\n<p>Diputada por Grupo parlamentario Socialista<\/p>\n\n\n\n<h3 class=\"wp-block-heading\">Iniciativas Parlamentarias<\/h3>\n\n\n\n<ul class=\"wp-block-list\"><li><strong>391<\/strong> Total<\/li><li><strong>5<\/strong> Preguntas orales<\/li><li><strong>296<\/strong> Preguntas escritas<\/li><li><strong>0<\/strong> Solicitud de comparecencias<\/li><li><strong>90<\/strong> Solicitud de informes<\/li><li><strong>0<\/strong> Solicitud de nuevo \u00f3rgano<\/li><\/ul>\n\n\n\n<h3 class=\"wp-block-heading\">Intervenciones Parlamentarias<\/h3>\n\n\n\n<ul class=\"wp-block-list\"><li><strong>56<\/strong> Total<\/li><li><strong>22<\/strong> Pleno<\/li><li><strong>34<\/strong> Comisi\u00f3n<\/li><li><strong>0<\/strong> Diputaci\u00f3n permanente<\/li><li><strong>0<\/strong> Otras<\/li><\/ul>\n\n\n\n<h3 class=\"wp-block-heading\">\u00daltimas iniciativas parlamentarias<\/h3>\n\n\n\n<ul class=\"wp-block-list\"><li>Opini\u00f3n del Gobierno acerca de si ha sido suficiente la informaci\u00f3n difundida sobre la entrada en vigor de la ley de impulso de la factura electr\u00f3nica y creaci\u00f3n del registro contable de las facturas en el Sector P\u00fablico entre los obligados<br>Presentada el 15 de enero de 2015, calificada el 20 de enero de 2015<br>En tramitaci\u00f3n<\/li><li> Opini\u00f3n del Gobierno acerca de si las diferentes administraciones p\u00fablicas y las empresas est\u00e1n preparadas para la entrada en vigor de la ley de impulso de la factura electr\u00f3nica y creaci\u00f3n del registro contable de las facturas en el Sector P\u00fablico el 15\/01\/2015<br>Presentada el 15 de enero de 2015, calificada el 20 de enero de 2015<br>En tramitaci\u00f3n<\/li><li> Opini\u00f3n del Gobierno acerca de si se han establecido las suficientes previsiones para poner en marcha la ley de impulso de la factura electr\u00f3nica y creaci\u00f3n del registro contable de las facturas en el Sector P\u00fablico, en condiciones de seguridad jur\u00eddica<br>Presentada el 15 de enero de 2015, calificada el 20 de enero de 2015<br>En tramitaci\u00f3n<\/li><\/ul>\n\n\n\n<h3 class=\"wp-block-heading\">Votaciones en el Pleno del Congreso<\/h3>\n\n\n\n<ul class=\"wp-block-list\"><li><strong>28<\/strong> D\u00edas que no ha votado<\/li><li><strong>1476<\/strong> Votos a favor<\/li><li><strong>492<\/strong> Votos en contra<\/li><li><strong>333<\/strong> Abstenciones<\/li><li><strong>1344<\/strong> No votos<\/li><\/ul>\n\n\n\n<h3 class=\"wp-block-heading\">\u00daltimas votaciones<\/h3>\n\n\n\n<ul class=\"wp-block-list\"><li>Sesi\u00f3n 252 &#8211; Votaci\u00f3n 22 &#8211; 26 de marzo de 2015<br>Solicitud de avocaci\u00f3n por el Pleno de la C\u00e1mara de la deliberaci\u00f3n y votaci\u00f3n final del Proyecto de Ley del Sistema Nacional de Protecci\u00f3n Civil, a petici\u00f3n del Grupo Parlamentario Catal\u00e1n (Converg\u00e8ncia i Uni\u00f3).<br><strong> Rechazada<\/strong> <strong> Vot\u00f3 a favor<\/strong><br>Debates de totalidad de iniciativas legislativas.<\/li><li>Sesi\u00f3n 252 &#8211; Votaci\u00f3n 21 &#8211; 26 de marzo de 2015<br>Votaci\u00f3n conjunta de las enmiendas a la totalidad de devoluci\u00f3n al Proyecto de Ley del Sistema Nacional de Protecci\u00f3n Civil, presentadas por los Grupos Parlamentarios Vasco (EAJ-PNV), de IU, ICV-EUiA, CHA: La Izquierda Plural, Catal\u00e1n (Converg\u00e8ncia i Uni\u00f3) y Mixto (Sra. Jord\u00e0).<br><strong>Rechazada<\/strong> <strong> Vot\u00f3 en contra<\/strong><br>Debates de totalidad de iniciativas legislativas.<\/li><li>Sesi\u00f3n 252 &#8211; Votaci\u00f3n 20 &#8211; 26 de marzo de 2015<br>Proposici\u00f3n de Ley Org\u00e1nica por la que se modifica la Ley Org\u00e1nica 10\/1995, de 23 de noviembre, del C\u00f3digo Penal, en materia de delitos de terrorismo.<br><strong>Aprobada<\/strong> <strong> Vot\u00f3 a favor<\/strong><br>Enmiendas del Senado.<\/li><li>Sesi\u00f3n 252 &#8211; Votaci\u00f3n 19 &#8211; 26 de marzo de 2015<br>Proposici\u00f3n de Ley Org\u00e1nica por la que se modifica la Ley Org\u00e1nica 10\/1995, de 23 de noviembre, del C\u00f3digo Penal, en materia de delitos de terrorismo.<br><strong>Aprobada<\/strong> <strong> Vot\u00f3 a favor<\/strong><br>Enmiendas del Senado.<\/li><li>Sesi\u00f3n 252 &#8211; Votaci\u00f3n 18 &#8211; 26 de marzo de 2015<br>Proyecto de Ley reguladora del ejercicio del alto cargo de la Administraci\u00f3n General del Estado.<br><strong>Aprobada<\/strong> <strong><br>Abstenci\u00f3n<\/strong>Enmiendas del Senado.<\/li><\/ul>\n","protected":false},"excerpt":{"rendered":"<p>Meritxell Batet Lama\u00f1a Fecha de nacimiento: 19 de marzo de 1973 (41 a\u00f1os) Lugar de nacimiento: Barcelona Alta como diputada: 9 de diciembre de 2011 Anteriores legislaturas: VIII y IX Diputada por Grupo parlamentario Socialista Iniciativas Parlamentarias 391 Total 5 Preguntas orales 296 Preguntas escritas 0 Solicitud de comparecencias 90 Solicitud de informes 0 Solicitud [&hellip;]<\/p>\n","protected":false},"author":1,"featured_media":0,"comment_status":"open","ping_status":"open","sticky":false,"template":"","format":"standard","meta":{"site-sidebar-layout":"default","site-content-layout":"default","ast-site-content-layout":"","site-content-style":"default","site-sidebar-style":"default","ast-global-header-display":"","ast-banner-title-visibility":"","ast-main-header-display":"","ast-hfb-above-header-display":"","ast-hfb-below-header-display":"","ast-hfb-mobile-header-display":"","site-post-title":"","ast-breadcrumbs-content":"","ast-featured-img":"","footer-sml-layout":"","theme-transparent-header-meta":"default","adv-header-id-meta":"","stick-header-meta":"","header-above-stick-meta":"","header-main-stick-meta":"","header-below-stick-meta":"","astra-migrate-meta-layouts":"default","ast-page-background-enabled":"default","ast-page-background-meta":{"desktop":{"background-color":"","background-image":"","background-repeat":"repeat","background-position":"center center","background-size":"auto","background-attachment":"scroll","background-type":"","background-media":"","overlay-type":"","overlay-color":"","overlay-opacity":"","overlay-gradient":""},"tablet":{"background-color":"","background-image":"","background-repeat":"repeat","background-position":"center center","background-size":"auto","background-attachment":"scroll","background-type":"","background-media":"","overlay-type":"","overlay-color":"","overlay-opacity":"","overlay-gradient":""},"mobile":{"background-color":"","background-image":"","background-repeat":"repeat","background-position":"center center","background-size":"auto","background-attachment":"scroll","background-type":"","background-media":"","overlay-type":"","overlay-color":"","overlay-opacity":"","overlay-gradient":""}},"ast-content-background-meta":{"desktop":{"background-color":"var(--ast-global-color-5)","background-image":"","background-repeat":"repeat","background-position":"center center","background-size":"auto","background-attachment":"scroll","background-type":"","background-media":"","overlay-type":"","overlay-color":"","overlay-opacity":"","overlay-gradient":""},"tablet":{"background-color":"var(--ast-global-color-5)","background-image":"","background-repeat":"repeat","background-position":"center center","background-size":"auto","background-attachment":"scroll","background-type":"","background-media":"","overlay-type":"","overlay-color":"","overlay-opacity":"","overlay-gradient":""},"mobile":{"background-color":"var(--ast-global-color-5)","background-image":"","background-repeat":"repeat","background-position":"center center","background-size":"auto","background-attachment":"scroll","background-type":"","background-media":"","overlay-type":"","overlay-color":"","overlay-opacity":"","overlay-gradient":""}},"footnotes":""},"categories":[1],"tags":[],"class_list":["post-199","post","type-post","status-publish","format-standard","hentry","category-sin-categoria"],"yoast_head":"<!-- This site is optimized with the Yoast SEO plugin v25.1 - https:\/\/yoast.com\/wordpress\/plugins\/seo\/ -->\n<title>Diputada Meritxell Batet Lama\u00f1a | Sala de prensa<\/title>\n<meta name=\"robots\" content=\"index, follow, max-snippet:-1, max-image-preview:large, max-video-preview:-1\" \/>\n<link rel=\"canonical\" href=\"https:\/\/www.saladeprensa.org\/que-hacen-los-diputados\/diputado\/meritxell-batet-lamana\/actividad\" \/>\n<meta property=\"og:locale\" content=\"es_ES\" \/>\n<meta property=\"og:type\" content=\"article\" \/>\n<meta property=\"og:title\" content=\"Diputada Meritxell Batet Lama\u00f1a | Sala de prensa\" \/>\n<meta property=\"og:description\" content=\"Meritxell Batet Lama\u00f1a Fecha de nacimiento: 19 de marzo de 1973 (41 a\u00f1os) Lugar de nacimiento: Barcelona Alta como diputada: 9 de diciembre de 2011 Anteriores legislaturas: VIII y IX Diputada por Grupo parlamentario Socialista Iniciativas Parlamentarias 391 Total 5 Preguntas orales 296 Preguntas escritas 0 Solicitud de comparecencias 90 Solicitud de informes 0 Solicitud [&hellip;]\" \/>\n<meta property=\"og:url\" content=\"https:\/\/www.saladeprensa.org\/que-hacen-los-diputados\/diputado\/meritxell-batet-lamana\/actividad\" \/>\n<meta property=\"og:site_name\" content=\"Sala de prensa\" \/>\n<meta property=\"article:published_time\" content=\"2020-04-12T16:47:06+00:00\" \/>\n<meta property=\"article:modified_time\" content=\"2020-05-30T08:42:12+00:00\" \/>\n<meta property=\"og:image\" content=\"https:\/\/www.saladeprensa.org\/que-hacen-los-diputados\/wp-content\/uploads\/330.jpg\" \/>\n<meta name=\"author\" content=\"eric\" \/>\n<meta name=\"twitter:card\" content=\"summary_large_image\" \/>\n<meta name=\"twitter:label1\" content=\"Escrito por\" \/>\n\t<meta name=\"twitter:data1\" content=\"eric\" \/>\n\t<meta name=\"twitter:label2\" content=\"Tiempo de lectura\" \/>\n\t<meta name=\"twitter:data2\" content=\"3 minutos\" \/>\n<script type=\"application\/ld+json\" class=\"yoast-schema-graph\">{\"@context\":\"https:\/\/schema.org\",\"@graph\":[{\"@type\":\"Article\",\"@id\":\"https:\/\/www.saladeprensa.org\/que-hacen-los-diputados\/diputado\/meritxell-batet-lamana\/actividad#article\",\"isPartOf\":{\"@id\":\"https:\/\/www.saladeprensa.org\/que-hacen-los-diputados\/diputado\/meritxell-batet-lamana\/actividad\/\"},\"author\":{\"name\":\"eric\",\"@id\":\"https:\/\/www.saladeprensa.org\/que-hacen-los-diputados\/#\/schema\/person\/c0b7ed04d0e0c7cd3129369e69180318\"},\"headline\":\"Diputada Meritxell Batet Lama\u00f1a\",\"datePublished\":\"2020-04-12T16:47:06+00:00\",\"dateModified\":\"2020-05-30T08:42:12+00:00\",\"mainEntityOfPage\":{\"@id\":\"https:\/\/www.saladeprensa.org\/que-hacen-los-diputados\/diputado\/meritxell-batet-lamana\/actividad\/\"},\"wordCount\":512,\"commentCount\":0,\"publisher\":{\"@id\":\"https:\/\/www.saladeprensa.org\/que-hacen-los-diputados\/#organization\"},\"image\":{\"@id\":\"https:\/\/www.saladeprensa.org\/que-hacen-los-diputados\/diputado\/meritxell-batet-lamana\/actividad#primaryimage\"},\"thumbnailUrl\":\"https:\/\/www.saladeprensa.org\/que-hacen-los-diputados\/wp-content\/uploads\/330.jpg\",\"inLanguage\":\"es\",\"potentialAction\":[{\"@type\":\"CommentAction\",\"name\":\"Comment\",\"target\":[\"https:\/\/www.saladeprensa.org\/que-hacen-los-diputados\/diputado\/meritxell-batet-lamana\/actividad#respond\"]}]},{\"@type\":\"WebPage\",\"@id\":\"https:\/\/www.saladeprensa.org\/que-hacen-los-diputados\/diputado\/meritxell-batet-lamana\/actividad\/\",\"url\":\"https:\/\/www.saladeprensa.org\/que-hacen-los-diputados\/diputado\/meritxell-batet-lamana\/actividad\",\"name\":\"Diputada Meritxell Batet Lama\u00f1a | Sala de prensa\",\"isPartOf\":{\"@id\":\"https:\/\/www.saladeprensa.org\/que-hacen-los-diputados\/#website\"},\"primaryImageOfPage\":{\"@id\":\"https:\/\/www.saladeprensa.org\/que-hacen-los-diputados\/diputado\/meritxell-batet-lamana\/actividad#primaryimage\"},\"image\":{\"@id\":\"https:\/\/www.saladeprensa.org\/que-hacen-los-diputados\/diputado\/meritxell-batet-lamana\/actividad#primaryimage\"},\"thumbnailUrl\":\"https:\/\/www.saladeprensa.org\/que-hacen-los-diputados\/wp-content\/uploads\/330.jpg\",\"datePublished\":\"2020-04-12T16:47:06+00:00\",\"dateModified\":\"2020-05-30T08:42:12+00:00\",\"breadcrumb\":{\"@id\":\"https:\/\/www.saladeprensa.org\/que-hacen-los-diputados\/diputado\/meritxell-batet-lamana\/actividad#breadcrumb\"},\"inLanguage\":\"es\",\"potentialAction\":[{\"@type\":\"ReadAction\",\"target\":[\"https:\/\/www.saladeprensa.org\/que-hacen-los-diputados\/diputado\/meritxell-batet-lamana\/actividad\"]}]},{\"@type\":\"ImageObject\",\"inLanguage\":\"es\",\"@id\":\"https:\/\/www.saladeprensa.org\/que-hacen-los-diputados\/diputado\/meritxell-batet-lamana\/actividad#primaryimage\",\"url\":\"https:\/\/www.saladeprensa.org\/que-hacen-los-diputados\/wp-content\/uploads\/330.jpg\",\"contentUrl\":\"https:\/\/www.saladeprensa.org\/que-hacen-los-diputados\/wp-content\/uploads\/330.jpg\",\"width\":132,\"height\":165},{\"@type\":\"BreadcrumbList\",\"@id\":\"https:\/\/www.saladeprensa.org\/que-hacen-los-diputados\/diputado\/meritxell-batet-lamana\/actividad#breadcrumb\",\"itemListElement\":[{\"@type\":\"ListItem\",\"position\":1,\"name\":\"Portada\",\"item\":\"https:\/\/www.saladeprensa.org\/que-hacen-los-diputados\/\"},{\"@type\":\"ListItem\",\"position\":2,\"name\":\"Diputada Meritxell Batet Lama\u00f1a\"}]},{\"@type\":\"WebSite\",\"@id\":\"https:\/\/www.saladeprensa.org\/que-hacen-los-diputados\/#website\",\"url\":\"https:\/\/www.saladeprensa.org\/que-hacen-los-diputados\/\",\"name\":\"Sala de prensa\",\"description\":\"Otro sitio realizado con WordPress\",\"publisher\":{\"@id\":\"https:\/\/www.saladeprensa.org\/que-hacen-los-diputados\/#organization\"},\"potentialAction\":[{\"@type\":\"SearchAction\",\"target\":{\"@type\":\"EntryPoint\",\"urlTemplate\":\"https:\/\/www.saladeprensa.org\/que-hacen-los-diputados\/?s={search_term_string}\"},\"query-input\":{\"@type\":\"PropertyValueSpecification\",\"valueRequired\":true,\"valueName\":\"search_term_string\"}}],\"inLanguage\":\"es\"},{\"@type\":\"Organization\",\"@id\":\"https:\/\/www.saladeprensa.org\/que-hacen-los-diputados\/#organization\",\"name\":\"Sala de prensa\",\"url\":\"https:\/\/www.saladeprensa.org\/que-hacen-los-diputados\/\",\"logo\":{\"@type\":\"ImageObject\",\"inLanguage\":\"es\",\"@id\":\"https:\/\/www.saladeprensa.org\/que-hacen-los-diputados\/#\/schema\/logo\/image\/\",\"url\":\"https:\/\/www.saladeprensa.org\/que-hacen-los-diputados\/wp-content\/uploads\/logo-saladeprensa.png\",\"contentUrl\":\"https:\/\/www.saladeprensa.org\/que-hacen-los-diputados\/wp-content\/uploads\/logo-saladeprensa.png\",\"width\":256,\"height\":64,\"caption\":\"Sala de prensa\"},\"image\":{\"@id\":\"https:\/\/www.saladeprensa.org\/que-hacen-los-diputados\/#\/schema\/logo\/image\/\"}},{\"@type\":\"Person\",\"@id\":\"https:\/\/www.saladeprensa.org\/que-hacen-los-diputados\/#\/schema\/person\/c0b7ed04d0e0c7cd3129369e69180318\",\"name\":\"eric\",\"image\":{\"@type\":\"ImageObject\",\"inLanguage\":\"es\",\"@id\":\"https:\/\/www.saladeprensa.org\/que-hacen-los-diputados\/#\/schema\/person\/image\/\",\"url\":\"https:\/\/secure.gravatar.com\/avatar\/03d9cb0a59502131405cd196850d9a09361cb5ff31a4b78acbabd4c38205996e?s=96&d=mm&r=g\",\"contentUrl\":\"https:\/\/secure.gravatar.com\/avatar\/03d9cb0a59502131405cd196850d9a09361cb5ff31a4b78acbabd4c38205996e?s=96&d=mm&r=g\",\"caption\":\"eric\"},\"sameAs\":[\"https:\/\/www.saladeprensa.org\/que-hacen-los-diputados\"]}]}<\/script>\n<!-- \/ Yoast SEO plugin. -->","yoast_head_json":{"title":"Diputada Meritxell Batet Lama\u00f1a | Sala de prensa","robots":{"index":"index","follow":"follow","max-snippet":"max-snippet:-1","max-image-preview":"max-image-preview:large","max-video-preview":"max-video-preview:-1"},"canonical":"https:\/\/www.saladeprensa.org\/que-hacen-los-diputados\/diputado\/meritxell-batet-lamana\/actividad","og_locale":"es_ES","og_type":"article","og_title":"Diputada Meritxell Batet Lama\u00f1a | Sala de prensa","og_description":"Meritxell Batet Lama\u00f1a Fecha de nacimiento: 19 de marzo de 1973 (41 a\u00f1os) Lugar de nacimiento: Barcelona Alta como diputada: 9 de diciembre de 2011 Anteriores legislaturas: VIII y IX Diputada por Grupo parlamentario Socialista Iniciativas Parlamentarias 391 Total 5 Preguntas orales 296 Preguntas escritas 0 Solicitud de comparecencias 90 Solicitud de informes 0 Solicitud [&hellip;]","og_url":"https:\/\/www.saladeprensa.org\/que-hacen-los-diputados\/diputado\/meritxell-batet-lamana\/actividad","og_site_name":"Sala de prensa","article_published_time":"2020-04-12T16:47:06+00:00","article_modified_time":"2020-05-30T08:42:12+00:00","og_image":[{"url":"https:\/\/www.saladeprensa.org\/que-hacen-los-diputados\/wp-content\/uploads\/330.jpg","type":"","width":"","height":""}],"author":"eric","twitter_card":"summary_large_image","twitter_misc":{"Escrito por":"eric","Tiempo de lectura":"3 minutos"},"schema":{"@context":"https:\/\/schema.org","@graph":[{"@type":"Article","@id":"https:\/\/www.saladeprensa.org\/que-hacen-los-diputados\/diputado\/meritxell-batet-lamana\/actividad#article","isPartOf":{"@id":"https:\/\/www.saladeprensa.org\/que-hacen-los-diputados\/diputado\/meritxell-batet-lamana\/actividad\/"},"author":{"name":"eric","@id":"https:\/\/www.saladeprensa.org\/que-hacen-los-diputados\/#\/schema\/person\/c0b7ed04d0e0c7cd3129369e69180318"},"headline":"Diputada Meritxell Batet Lama\u00f1a","datePublished":"2020-04-12T16:47:06+00:00","dateModified":"2020-05-30T08:42:12+00:00","mainEntityOfPage":{"@id":"https:\/\/www.saladeprensa.org\/que-hacen-los-diputados\/diputado\/meritxell-batet-lamana\/actividad\/"},"wordCount":512,"commentCount":0,"publisher":{"@id":"https:\/\/www.saladeprensa.org\/que-hacen-los-diputados\/#organization"},"image":{"@id":"https:\/\/www.saladeprensa.org\/que-hacen-los-diputados\/diputado\/meritxell-batet-lamana\/actividad#primaryimage"},"thumbnailUrl":"https:\/\/www.saladeprensa.org\/que-hacen-los-diputados\/wp-content\/uploads\/330.jpg","inLanguage":"es","potentialAction":[{"@type":"CommentAction","name":"Comment","target":["https:\/\/www.saladeprensa.org\/que-hacen-los-diputados\/diputado\/meritxell-batet-lamana\/actividad#respond"]}]},{"@type":"WebPage","@id":"https:\/\/www.saladeprensa.org\/que-hacen-los-diputados\/diputado\/meritxell-batet-lamana\/actividad\/","url":"https:\/\/www.saladeprensa.org\/que-hacen-los-diputados\/diputado\/meritxell-batet-lamana\/actividad","name":"Diputada Meritxell Batet Lama\u00f1a | Sala de prensa","isPartOf":{"@id":"https:\/\/www.saladeprensa.org\/que-hacen-los-diputados\/#website"},"primaryImageOfPage":{"@id":"https:\/\/www.saladeprensa.org\/que-hacen-los-diputados\/diputado\/meritxell-batet-lamana\/actividad#primaryimage"},"image":{"@id":"https:\/\/www.saladeprensa.org\/que-hacen-los-diputados\/diputado\/meritxell-batet-lamana\/actividad#primaryimage"},"thumbnailUrl":"https:\/\/www.saladeprensa.org\/que-hacen-los-diputados\/wp-content\/uploads\/330.jpg","datePublished":"2020-04-12T16:47:06+00:00","dateModified":"2020-05-30T08:42:12+00:00","breadcrumb":{"@id":"https:\/\/www.saladeprensa.org\/que-hacen-los-diputados\/diputado\/meritxell-batet-lamana\/actividad#breadcrumb"},"inLanguage":"es","potentialAction":[{"@type":"ReadAction","target":["https:\/\/www.saladeprensa.org\/que-hacen-los-diputados\/diputado\/meritxell-batet-lamana\/actividad"]}]},{"@type":"ImageObject","inLanguage":"es","@id":"https:\/\/www.saladeprensa.org\/que-hacen-los-diputados\/diputado\/meritxell-batet-lamana\/actividad#primaryimage","url":"https:\/\/www.saladeprensa.org\/que-hacen-los-diputados\/wp-content\/uploads\/330.jpg","contentUrl":"https:\/\/www.saladeprensa.org\/que-hacen-los-diputados\/wp-content\/uploads\/330.jpg","width":132,"height":165},{"@type":"BreadcrumbList","@id":"https:\/\/www.saladeprensa.org\/que-hacen-los-diputados\/diputado\/meritxell-batet-lamana\/actividad#breadcrumb","itemListElement":[{"@type":"ListItem","position":1,"name":"Portada","item":"https:\/\/www.saladeprensa.org\/que-hacen-los-diputados\/"},{"@type":"ListItem","position":2,"name":"Diputada Meritxell Batet Lama\u00f1a"}]},{"@type":"WebSite","@id":"https:\/\/www.saladeprensa.org\/que-hacen-los-diputados\/#website","url":"https:\/\/www.saladeprensa.org\/que-hacen-los-diputados\/","name":"Sala de prensa","description":"Otro sitio realizado con WordPress","publisher":{"@id":"https:\/\/www.saladeprensa.org\/que-hacen-los-diputados\/#organization"},"potentialAction":[{"@type":"SearchAction","target":{"@type":"EntryPoint","urlTemplate":"https:\/\/www.saladeprensa.org\/que-hacen-los-diputados\/?s={search_term_string}"},"query-input":{"@type":"PropertyValueSpecification","valueRequired":true,"valueName":"search_term_string"}}],"inLanguage":"es"},{"@type":"Organization","@id":"https:\/\/www.saladeprensa.org\/que-hacen-los-diputados\/#organization","name":"Sala de prensa","url":"https:\/\/www.saladeprensa.org\/que-hacen-los-diputados\/","logo":{"@type":"ImageObject","inLanguage":"es","@id":"https:\/\/www.saladeprensa.org\/que-hacen-los-diputados\/#\/schema\/logo\/image\/","url":"https:\/\/www.saladeprensa.org\/que-hacen-los-diputados\/wp-content\/uploads\/logo-saladeprensa.png","contentUrl":"https:\/\/www.saladeprensa.org\/que-hacen-los-diputados\/wp-content\/uploads\/logo-saladeprensa.png","width":256,"height":64,"caption":"Sala de prensa"},"image":{"@id":"https:\/\/www.saladeprensa.org\/que-hacen-los-diputados\/#\/schema\/logo\/image\/"}},{"@type":"Person","@id":"https:\/\/www.saladeprensa.org\/que-hacen-los-diputados\/#\/schema\/person\/c0b7ed04d0e0c7cd3129369e69180318","name":"eric","image":{"@type":"ImageObject","inLanguage":"es","@id":"https:\/\/www.saladeprensa.org\/que-hacen-los-diputados\/#\/schema\/person\/image\/","url":"https:\/\/secure.gravatar.com\/avatar\/03d9cb0a59502131405cd196850d9a09361cb5ff31a4b78acbabd4c38205996e?s=96&d=mm&r=g","contentUrl":"https:\/\/secure.gravatar.com\/avatar\/03d9cb0a59502131405cd196850d9a09361cb5ff31a4b78acbabd4c38205996e?s=96&d=mm&r=g","caption":"eric"},"sameAs":["https:\/\/www.saladeprensa.org\/que-hacen-los-diputados"]}]}},"_links":{"self":[{"href":"https:\/\/www.saladeprensa.org\/que-hacen-los-diputados\/wp-json\/wp\/v2\/posts\/199","targetHints":{"allow":["GET"]}}],"collection":[{"href":"https:\/\/www.saladeprensa.org\/que-hacen-los-diputados\/wp-json\/wp\/v2\/posts"}],"about":[{"href":"https:\/\/www.saladeprensa.org\/que-hacen-los-diputados\/wp-json\/wp\/v2\/types\/post"}],"author":[{"embeddable":true,"href":"https:\/\/www.saladeprensa.org\/que-hacen-los-diputados\/wp-json\/wp\/v2\/users\/1"}],"replies":[{"embeddable":true,"href":"https:\/\/www.saladeprensa.org\/que-hacen-los-diputados\/wp-json\/wp\/v2\/comments?post=199"}],"version-history":[{"count":1,"href":"https:\/\/www.saladeprensa.org\/que-hacen-los-diputados\/wp-json\/wp\/v2\/posts\/199\/revisions"}],"predecessor-version":[{"id":200,"href":"https:\/\/www.saladeprensa.org\/que-hacen-los-diputados\/wp-json\/wp\/v2\/posts\/199\/revisions\/200"}],"wp:attachment":[{"href":"https:\/\/www.saladeprensa.org\/que-hacen-los-diputados\/wp-json\/wp\/v2\/media?parent=199"}],"wp:term":[{"taxonomy":"category","embeddable":true,"href":"https:\/\/www.saladeprensa.org\/que-hacen-los-diputados\/wp-json\/wp\/v2\/categories?post=199"},{"taxonomy":"post_tag","embeddable":true,"href":"https:\/\/www.saladeprensa.org\/que-hacen-los-diputados\/wp-json\/wp\/v2\/tags?post=199"}],"curies":[{"name":"wp","href":"https:\/\/api.w.org\/{rel}","templated":true}]}}