{"id":194,"date":"2020-04-12T15:34:28","date_gmt":"2020-04-12T15:34:28","guid":{"rendered":"https:\/\/www.saladeprensa.org\/que-hacen-los-diputados\/?p=194"},"modified":"2020-05-30T08:42:49","modified_gmt":"2020-05-30T08:42:49","slug":"diputada-meritxell-batet-lamana","status":"publish","type":"post","link":"https:\/\/www.saladeprensa.org\/que-hacen-los-diputados\/diputado\/meritxell-batet-lamana\/declaracion-de-bienes","title":{"rendered":"Diputada Meritxell Batet Lama\u00f1a"},"content":{"rendered":"\n<div class=\"wp-block-image\"><figure class=\"alignleft size-large\"><img loading=\"lazy\" decoding=\"async\" width=\"132\" height=\"165\" src=\"https:\/\/www.saladeprensa.org\/que-hacen-los-diputados\/wp-content\/uploads\/330.jpg\" alt=\"\" class=\"wp-image-195\"\/><\/figure><\/div>\n\n\n\n<p><strong>Meritxell<\/strong> <strong>Batet Lama\u00f1a<\/strong><\/p>\n\n\n\n<ul class=\"wp-block-list\"><li>Fecha de nacimiento: 19 de marzo de 1973 (41 a\u00f1os)<\/li><li>Lugar de nacimiento: Barcelona<\/li><li>Alta como diputada: 9 de diciembre de 2011<\/li><li>Anteriores legislaturas: VIII y IX<\/li><\/ul>\n\n\n\n<p>Diputada por Barcelona Grupo parlamentario Socialista<\/p>\n\n\n\n<p><strong>Activos&nbsp;(2)<\/strong><\/p>\n\n\n<table>\n<thead>\n<tr>\n<th>Concepto<\/th>\n<th>T\u00edtulos<\/th>\n<th>Entidad<\/th>\n<th>Euros<\/th>\n<th>Fecha de cotizaci\u00f3n<\/th>\n<th>Otros<\/th>\n<\/tr>\n<\/thead>\n<tbody>\n<tr>\n<td>Cuentas corrientes<\/td>\n<td> &#8212; <\/td>\n<td> &#8212; <\/td>\n<td>20.324,76\u20ac<\/td>\n<td>14\/12\/2011<\/td>\n<td>50% propiedad ganancial<\/td>\n<\/tr>\n<tr>\n<td>Plan de pensiones del Congreso<\/td>\n<td> &#8212; <\/td>\n<td>BBVA<\/td>\n<td>16.781,20\u20ac<\/td>\n<td> &#8212; <\/td>\n<td> &#8212; <\/td>\n<\/tr>\n<\/tbody>\n<\/table>\n\n\n<p><strong>Bienes inmuebles urbanos (2)<\/strong><\/p>\n\n\n<table>\n<thead>\n<tr>\n<th>Tipo<\/th>\n<th>Tama\u00f1o<\/th>\n<th>Valor catastral<\/th>\n<th>Situaci\u00f3n<\/th>\n<th>Fecha adquisici\u00f3n<\/th>\n<th>Derecho sobre bien<\/th>\n<th>T\u00edtulo adquisici\u00f3n<\/th>\n<\/tr>\n<\/thead>\n<tbody>\n<tr>\n<td>Vivienda<\/td>\n<td> &#8212; <\/td>\n<td> &#8212; <\/td>\n<td>Barcelona<\/td>\n<td>26 de noviembre de 2004<\/td>\n<td>Privativo<\/td>\n<td>Compraventa<\/td>\n<\/tr>\n<tr>\n<td>Vivienda<\/td>\n<td> &#8212; <\/td>\n<td> &#8212; <\/td>\n<td>Madrid<\/td>\n<td>31 de octubre de 2006<\/td>\n<td>Ganancial<\/td>\n<td>Compraventa<\/td>\n<\/tr>\n<\/tbody>\n<\/table>\n\n\n<p><strong>Deudas&nbsp;(3)<\/strong><\/p>\n\n\n<table>\n<thead>\n<tr>\n<th>Tipo<\/th>\n<th>Concepto<\/th>\n<th>Capital concedido<\/th>\n<th>Capital pendiente<\/th>\n<th>Fecha concesi\u00f3n<\/th>\n<th>Acreedor<\/th>\n<th>Otros<\/th>\n<\/tr>\n<\/thead>\n<tbody>\n<tr>\n<td>Pr\u00e9stamos<\/td>\n<td>Hipoteca<\/td>\n<td>402.500,00\u20ac<\/td>\n<td>355.633,99\u20ac<\/td>\n<td>2 de noviembre de 2006<\/td>\n<td>ING Direct<\/td>\n<td>50% titularidad<\/td>\n<\/tr>\n<tr>\n<td>Pr\u00e9stamos<\/td>\n<td>Hipoteca<\/td>\n<td>316.826,00\u20ac<\/td>\n<td>180.748,26\u20ac<\/td>\n<td>26 de noviembre de 2004<\/td>\n<td>BBVA<\/td>\n<td> &#8212; <\/td>\n<\/tr>\n<tr>\n<td>Pr\u00e9stamos<\/td>\n<td>Hipoteca<\/td>\n<td>66.666,00\u20ac<\/td>\n<td>34.613,66\u20ac<\/td>\n<td>23 de junio de 2008<\/td>\n<td>La Caixa<\/td>\n<td>33% titularidad<\/td>\n<\/tr>\n<\/tbody>\n<\/table>\n\n\n<p><strong>Rentas (5)<\/strong><\/p>\n\n\n<table>\n<thead>\n<tr>\n<th>Tipo<\/th>\n<th>Concepto<\/th>\n<th>Euros<\/th>\n<\/tr>\n<\/thead>\n<tbody>\n<tr>\n<td>Actividad profesional<\/td>\n<td>Conferencia en la C.U.I.M.P. de Barcelona<\/td>\n<td>400,00\u20ac<\/td>\n<\/tr>\n<tr>\n<td>Actividad profesional<\/td>\n<td>Conferencia en la Universitat Progressista D&#8217;Estiu de Catalunya<\/td>\n<td>141,18\u20ac<\/td>\n<\/tr>\n<tr>\n<td>Actividad profesional<\/td>\n<td>Conferencias en Universidad Pompeu Fabra \u00e1rea Derecho Constitucional<\/td>\n<td>2.654,62\u20ac<\/td>\n<\/tr>\n<tr>\n<td>Intereses<\/td>\n<td>Cuentas bancarias<\/td>\n<td>159,48\u20ac<\/td>\n<\/tr>\n<tr>\n<td>Actividad profesional<\/td>\n<td>Grupo Parlamentario Socialista<\/td>\n<td>426,08\u20ac<\/td>\n<\/tr>\n<\/tbody>\n<\/table>\n\n\n<p><strong>Veh\u00edculos (1)<\/strong><\/p>\n\n\n<table>\n<thead>\n<tr>\n<th>Tipo de veh\u00edculo<\/th>\n<th>Marca\/Modelo<\/th>\n<th>Fecha de adquisici\u00f3n<\/th>\n<th>Informaci\u00f3n adicional<\/th>\n<\/tr>\n<\/thead>\n<tbody>\n<tr>\n<td>Coche<\/td>\n<td>Ford Ka<\/td>\n<td>1999<\/td>\n<td> &#8212; <\/td>\n<\/tr>\n<\/tbody>\n<\/table>","protected":false},"excerpt":{"rendered":"<p>Meritxell Batet Lama\u00f1a Fecha de nacimiento: 19 de marzo de 1973 (41 a\u00f1os) Lugar de nacimiento: Barcelona Alta como diputada: 9 de diciembre de 2011 Anteriores legislaturas: VIII y IX Diputada por Barcelona Grupo parlamentario Socialista Activos&nbsp;(2) Concepto T\u00edtulos Entidad Euros Fecha de cotizaci\u00f3n Otros Cuentas corrientes &#8212; &#8212; 20.324,76\u20ac 14\/12\/2011 50% propiedad ganancial Plan [&hellip;]<\/p>\n","protected":false},"author":1,"featured_media":0,"comment_status":"open","ping_status":"open","sticky":false,"template":"","format":"standard","meta":{"site-sidebar-layout":"default","site-content-layout":"default","ast-site-content-layout":"","site-content-style":"default","site-sidebar-style":"default","ast-global-header-display":"","ast-banner-title-visibility":"","ast-main-header-display":"","ast-hfb-above-header-display":"","ast-hfb-below-header-display":"","ast-hfb-mobile-header-display":"","site-post-title":"","ast-breadcrumbs-content":"","ast-featured-img":"","footer-sml-layout":"","theme-transparent-header-meta":"default","adv-header-id-meta":"","stick-header-meta":"","header-above-stick-meta":"","header-main-stick-meta":"","header-below-stick-meta":"","astra-migrate-meta-layouts":"default","ast-page-background-enabled":"default","ast-page-background-meta":{"desktop":{"background-color":"","background-image":"","background-repeat":"repeat","background-position":"center center","background-size":"auto","background-attachment":"scroll","background-type":"","background-media":"","overlay-type":"","overlay-color":"","overlay-opacity":"","overlay-gradient":""},"tablet":{"background-color":"","background-image":"","background-repeat":"repeat","background-position":"center center","background-size":"auto","background-attachment":"scroll","background-type":"","background-media":"","overlay-type":"","overlay-color":"","overlay-opacity":"","overlay-gradient":""},"mobile":{"background-color":"","background-image":"","background-repeat":"repeat","background-position":"center center","background-size":"auto","background-attachment":"scroll","background-type":"","background-media":"","overlay-type":"","overlay-color":"","overlay-opacity":"","overlay-gradient":""}},"ast-content-background-meta":{"desktop":{"background-color":"var(--ast-global-color-5)","background-image":"","background-repeat":"repeat","background-position":"center center","background-size":"auto","background-attachment":"scroll","background-type":"","background-media":"","overlay-type":"","overlay-color":"","overlay-opacity":"","overlay-gradient":""},"tablet":{"background-color":"var(--ast-global-color-5)","background-image":"","background-repeat":"repeat","background-position":"center center","background-size":"auto","background-attachment":"scroll","background-type":"","background-media":"","overlay-type":"","overlay-color":"","overlay-opacity":"","overlay-gradient":""},"mobile":{"background-color":"var(--ast-global-color-5)","background-image":"","background-repeat":"repeat","background-position":"center center","background-size":"auto","background-attachment":"scroll","background-type":"","background-media":"","overlay-type":"","overlay-color":"","overlay-opacity":"","overlay-gradient":""}},"footnotes":""},"categories":[1],"tags":[],"class_list":["post-194","post","type-post","status-publish","format-standard","hentry","category-sin-categoria"],"yoast_head":"<!-- This site is optimized with the Yoast SEO plugin v25.1 - https:\/\/yoast.com\/wordpress\/plugins\/seo\/ -->\n<title>Diputada Meritxell Batet Lama\u00f1a | Sala de prensa<\/title>\n<meta name=\"robots\" content=\"index, follow, max-snippet:-1, max-image-preview:large, max-video-preview:-1\" \/>\n<link rel=\"canonical\" href=\"https:\/\/www.saladeprensa.org\/que-hacen-los-diputados\/diputado\/meritxell-batet-lamana\/declaracion-de-bienes\" \/>\n<meta property=\"og:locale\" content=\"es_ES\" \/>\n<meta property=\"og:type\" content=\"article\" \/>\n<meta property=\"og:title\" content=\"Diputada Meritxell Batet Lama\u00f1a | Sala de prensa\" \/>\n<meta property=\"og:description\" content=\"Meritxell Batet Lama\u00f1a Fecha de nacimiento: 19 de marzo de 1973 (41 a\u00f1os) Lugar de nacimiento: Barcelona Alta como diputada: 9 de diciembre de 2011 Anteriores legislaturas: VIII y IX Diputada por Barcelona Grupo parlamentario Socialista Activos&nbsp;(2) Concepto T\u00edtulos Entidad Euros Fecha de cotizaci\u00f3n Otros Cuentas corrientes &#8212; &#8212; 20.324,76\u20ac 14\/12\/2011 50% propiedad ganancial Plan [&hellip;]\" \/>\n<meta property=\"og:url\" content=\"https:\/\/www.saladeprensa.org\/que-hacen-los-diputados\/diputado\/meritxell-batet-lamana\/declaracion-de-bienes\" \/>\n<meta property=\"og:site_name\" content=\"Sala de prensa\" \/>\n<meta property=\"article:published_time\" content=\"2020-04-12T15:34:28+00:00\" \/>\n<meta property=\"article:modified_time\" content=\"2020-05-30T08:42:49+00:00\" \/>\n<meta property=\"og:image\" content=\"https:\/\/www.saladeprensa.org\/que-hacen-los-diputados\/wp-content\/uploads\/330.jpg\" \/>\n<meta name=\"author\" content=\"eric\" \/>\n<meta name=\"twitter:card\" content=\"summary_large_image\" \/>\n<meta name=\"twitter:label1\" content=\"Escrito por\" \/>\n\t<meta name=\"twitter:data1\" content=\"eric\" \/>\n\t<meta name=\"twitter:label2\" content=\"Tiempo de lectura\" \/>\n\t<meta name=\"twitter:data2\" content=\"1 minuto\" \/>\n<script type=\"application\/ld+json\" class=\"yoast-schema-graph\">{\"@context\":\"https:\/\/schema.org\",\"@graph\":[{\"@type\":\"Article\",\"@id\":\"https:\/\/www.saladeprensa.org\/que-hacen-los-diputados\/diputado\/meritxell-batet-lamana\/declaracion-de-bienes#article\",\"isPartOf\":{\"@id\":\"https:\/\/www.saladeprensa.org\/que-hacen-los-diputados\/diputado\/meritxell-batet-lamana\/declaracion-de-bienes\/\"},\"author\":{\"name\":\"eric\",\"@id\":\"https:\/\/www.saladeprensa.org\/que-hacen-los-diputados\/#\/schema\/person\/c0b7ed04d0e0c7cd3129369e69180318\"},\"headline\":\"Diputada Meritxell Batet Lama\u00f1a\",\"datePublished\":\"2020-04-12T15:34:28+00:00\",\"dateModified\":\"2020-05-30T08:42:49+00:00\",\"mainEntityOfPage\":{\"@id\":\"https:\/\/www.saladeprensa.org\/que-hacen-los-diputados\/diputado\/meritxell-batet-lamana\/declaracion-de-bienes\/\"},\"wordCount\":206,\"commentCount\":0,\"publisher\":{\"@id\":\"https:\/\/www.saladeprensa.org\/que-hacen-los-diputados\/#organization\"},\"image\":{\"@id\":\"https:\/\/www.saladeprensa.org\/que-hacen-los-diputados\/diputado\/meritxell-batet-lamana\/declaracion-de-bienes#primaryimage\"},\"thumbnailUrl\":\"https:\/\/www.saladeprensa.org\/que-hacen-los-diputados\/wp-content\/uploads\/330.jpg\",\"inLanguage\":\"es\",\"potentialAction\":[{\"@type\":\"CommentAction\",\"name\":\"Comment\",\"target\":[\"https:\/\/www.saladeprensa.org\/que-hacen-los-diputados\/diputado\/meritxell-batet-lamana\/declaracion-de-bienes#respond\"]}]},{\"@type\":\"WebPage\",\"@id\":\"https:\/\/www.saladeprensa.org\/que-hacen-los-diputados\/diputado\/meritxell-batet-lamana\/declaracion-de-bienes\/\",\"url\":\"https:\/\/www.saladeprensa.org\/que-hacen-los-diputados\/diputado\/meritxell-batet-lamana\/declaracion-de-bienes\",\"name\":\"Diputada Meritxell Batet Lama\u00f1a | Sala de prensa\",\"isPartOf\":{\"@id\":\"https:\/\/www.saladeprensa.org\/que-hacen-los-diputados\/#website\"},\"primaryImageOfPage\":{\"@id\":\"https:\/\/www.saladeprensa.org\/que-hacen-los-diputados\/diputado\/meritxell-batet-lamana\/declaracion-de-bienes#primaryimage\"},\"image\":{\"@id\":\"https:\/\/www.saladeprensa.org\/que-hacen-los-diputados\/diputado\/meritxell-batet-lamana\/declaracion-de-bienes#primaryimage\"},\"thumbnailUrl\":\"https:\/\/www.saladeprensa.org\/que-hacen-los-diputados\/wp-content\/uploads\/330.jpg\",\"datePublished\":\"2020-04-12T15:34:28+00:00\",\"dateModified\":\"2020-05-30T08:42:49+00:00\",\"breadcrumb\":{\"@id\":\"https:\/\/www.saladeprensa.org\/que-hacen-los-diputados\/diputado\/meritxell-batet-lamana\/declaracion-de-bienes#breadcrumb\"},\"inLanguage\":\"es\",\"potentialAction\":[{\"@type\":\"ReadAction\",\"target\":[\"https:\/\/www.saladeprensa.org\/que-hacen-los-diputados\/diputado\/meritxell-batet-lamana\/declaracion-de-bienes\"]}]},{\"@type\":\"ImageObject\",\"inLanguage\":\"es\",\"@id\":\"https:\/\/www.saladeprensa.org\/que-hacen-los-diputados\/diputado\/meritxell-batet-lamana\/declaracion-de-bienes#primaryimage\",\"url\":\"https:\/\/www.saladeprensa.org\/que-hacen-los-diputados\/wp-content\/uploads\/330.jpg\",\"contentUrl\":\"https:\/\/www.saladeprensa.org\/que-hacen-los-diputados\/wp-content\/uploads\/330.jpg\",\"width\":132,\"height\":165},{\"@type\":\"BreadcrumbList\",\"@id\":\"https:\/\/www.saladeprensa.org\/que-hacen-los-diputados\/diputado\/meritxell-batet-lamana\/declaracion-de-bienes#breadcrumb\",\"itemListElement\":[{\"@type\":\"ListItem\",\"position\":1,\"name\":\"Portada\",\"item\":\"https:\/\/www.saladeprensa.org\/que-hacen-los-diputados\/\"},{\"@type\":\"ListItem\",\"position\":2,\"name\":\"Diputada Meritxell Batet Lama\u00f1a\"}]},{\"@type\":\"WebSite\",\"@id\":\"https:\/\/www.saladeprensa.org\/que-hacen-los-diputados\/#website\",\"url\":\"https:\/\/www.saladeprensa.org\/que-hacen-los-diputados\/\",\"name\":\"Sala de prensa\",\"description\":\"Otro sitio realizado con WordPress\",\"publisher\":{\"@id\":\"https:\/\/www.saladeprensa.org\/que-hacen-los-diputados\/#organization\"},\"potentialAction\":[{\"@type\":\"SearchAction\",\"target\":{\"@type\":\"EntryPoint\",\"urlTemplate\":\"https:\/\/www.saladeprensa.org\/que-hacen-los-diputados\/?s={search_term_string}\"},\"query-input\":{\"@type\":\"PropertyValueSpecification\",\"valueRequired\":true,\"valueName\":\"search_term_string\"}}],\"inLanguage\":\"es\"},{\"@type\":\"Organization\",\"@id\":\"https:\/\/www.saladeprensa.org\/que-hacen-los-diputados\/#organization\",\"name\":\"Sala de prensa\",\"url\":\"https:\/\/www.saladeprensa.org\/que-hacen-los-diputados\/\",\"logo\":{\"@type\":\"ImageObject\",\"inLanguage\":\"es\",\"@id\":\"https:\/\/www.saladeprensa.org\/que-hacen-los-diputados\/#\/schema\/logo\/image\/\",\"url\":\"https:\/\/www.saladeprensa.org\/que-hacen-los-diputados\/wp-content\/uploads\/logo-saladeprensa.png\",\"contentUrl\":\"https:\/\/www.saladeprensa.org\/que-hacen-los-diputados\/wp-content\/uploads\/logo-saladeprensa.png\",\"width\":256,\"height\":64,\"caption\":\"Sala de prensa\"},\"image\":{\"@id\":\"https:\/\/www.saladeprensa.org\/que-hacen-los-diputados\/#\/schema\/logo\/image\/\"}},{\"@type\":\"Person\",\"@id\":\"https:\/\/www.saladeprensa.org\/que-hacen-los-diputados\/#\/schema\/person\/c0b7ed04d0e0c7cd3129369e69180318\",\"name\":\"eric\",\"image\":{\"@type\":\"ImageObject\",\"inLanguage\":\"es\",\"@id\":\"https:\/\/www.saladeprensa.org\/que-hacen-los-diputados\/#\/schema\/person\/image\/\",\"url\":\"https:\/\/secure.gravatar.com\/avatar\/03d9cb0a59502131405cd196850d9a09361cb5ff31a4b78acbabd4c38205996e?s=96&d=mm&r=g\",\"contentUrl\":\"https:\/\/secure.gravatar.com\/avatar\/03d9cb0a59502131405cd196850d9a09361cb5ff31a4b78acbabd4c38205996e?s=96&d=mm&r=g\",\"caption\":\"eric\"},\"sameAs\":[\"https:\/\/www.saladeprensa.org\/que-hacen-los-diputados\"]}]}<\/script>\n<!-- \/ Yoast SEO plugin. -->","yoast_head_json":{"title":"Diputada Meritxell Batet Lama\u00f1a | Sala de prensa","robots":{"index":"index","follow":"follow","max-snippet":"max-snippet:-1","max-image-preview":"max-image-preview:large","max-video-preview":"max-video-preview:-1"},"canonical":"https:\/\/www.saladeprensa.org\/que-hacen-los-diputados\/diputado\/meritxell-batet-lamana\/declaracion-de-bienes","og_locale":"es_ES","og_type":"article","og_title":"Diputada Meritxell Batet Lama\u00f1a | Sala de prensa","og_description":"Meritxell Batet Lama\u00f1a Fecha de nacimiento: 19 de marzo de 1973 (41 a\u00f1os) Lugar de nacimiento: Barcelona Alta como diputada: 9 de diciembre de 2011 Anteriores legislaturas: VIII y IX Diputada por Barcelona Grupo parlamentario Socialista Activos&nbsp;(2) Concepto T\u00edtulos Entidad Euros Fecha de cotizaci\u00f3n Otros Cuentas corrientes &#8212; &#8212; 20.324,76\u20ac 14\/12\/2011 50% propiedad ganancial Plan [&hellip;]","og_url":"https:\/\/www.saladeprensa.org\/que-hacen-los-diputados\/diputado\/meritxell-batet-lamana\/declaracion-de-bienes","og_site_name":"Sala de prensa","article_published_time":"2020-04-12T15:34:28+00:00","article_modified_time":"2020-05-30T08:42:49+00:00","og_image":[{"url":"https:\/\/www.saladeprensa.org\/que-hacen-los-diputados\/wp-content\/uploads\/330.jpg","type":"","width":"","height":""}],"author":"eric","twitter_card":"summary_large_image","twitter_misc":{"Escrito por":"eric","Tiempo de lectura":"1 minuto"},"schema":{"@context":"https:\/\/schema.org","@graph":[{"@type":"Article","@id":"https:\/\/www.saladeprensa.org\/que-hacen-los-diputados\/diputado\/meritxell-batet-lamana\/declaracion-de-bienes#article","isPartOf":{"@id":"https:\/\/www.saladeprensa.org\/que-hacen-los-diputados\/diputado\/meritxell-batet-lamana\/declaracion-de-bienes\/"},"author":{"name":"eric","@id":"https:\/\/www.saladeprensa.org\/que-hacen-los-diputados\/#\/schema\/person\/c0b7ed04d0e0c7cd3129369e69180318"},"headline":"Diputada Meritxell Batet Lama\u00f1a","datePublished":"2020-04-12T15:34:28+00:00","dateModified":"2020-05-30T08:42:49+00:00","mainEntityOfPage":{"@id":"https:\/\/www.saladeprensa.org\/que-hacen-los-diputados\/diputado\/meritxell-batet-lamana\/declaracion-de-bienes\/"},"wordCount":206,"commentCount":0,"publisher":{"@id":"https:\/\/www.saladeprensa.org\/que-hacen-los-diputados\/#organization"},"image":{"@id":"https:\/\/www.saladeprensa.org\/que-hacen-los-diputados\/diputado\/meritxell-batet-lamana\/declaracion-de-bienes#primaryimage"},"thumbnailUrl":"https:\/\/www.saladeprensa.org\/que-hacen-los-diputados\/wp-content\/uploads\/330.jpg","inLanguage":"es","potentialAction":[{"@type":"CommentAction","name":"Comment","target":["https:\/\/www.saladeprensa.org\/que-hacen-los-diputados\/diputado\/meritxell-batet-lamana\/declaracion-de-bienes#respond"]}]},{"@type":"WebPage","@id":"https:\/\/www.saladeprensa.org\/que-hacen-los-diputados\/diputado\/meritxell-batet-lamana\/declaracion-de-bienes\/","url":"https:\/\/www.saladeprensa.org\/que-hacen-los-diputados\/diputado\/meritxell-batet-lamana\/declaracion-de-bienes","name":"Diputada Meritxell Batet Lama\u00f1a | Sala de prensa","isPartOf":{"@id":"https:\/\/www.saladeprensa.org\/que-hacen-los-diputados\/#website"},"primaryImageOfPage":{"@id":"https:\/\/www.saladeprensa.org\/que-hacen-los-diputados\/diputado\/meritxell-batet-lamana\/declaracion-de-bienes#primaryimage"},"image":{"@id":"https:\/\/www.saladeprensa.org\/que-hacen-los-diputados\/diputado\/meritxell-batet-lamana\/declaracion-de-bienes#primaryimage"},"thumbnailUrl":"https:\/\/www.saladeprensa.org\/que-hacen-los-diputados\/wp-content\/uploads\/330.jpg","datePublished":"2020-04-12T15:34:28+00:00","dateModified":"2020-05-30T08:42:49+00:00","breadcrumb":{"@id":"https:\/\/www.saladeprensa.org\/que-hacen-los-diputados\/diputado\/meritxell-batet-lamana\/declaracion-de-bienes#breadcrumb"},"inLanguage":"es","potentialAction":[{"@type":"ReadAction","target":["https:\/\/www.saladeprensa.org\/que-hacen-los-diputados\/diputado\/meritxell-batet-lamana\/declaracion-de-bienes"]}]},{"@type":"ImageObject","inLanguage":"es","@id":"https:\/\/www.saladeprensa.org\/que-hacen-los-diputados\/diputado\/meritxell-batet-lamana\/declaracion-de-bienes#primaryimage","url":"https:\/\/www.saladeprensa.org\/que-hacen-los-diputados\/wp-content\/uploads\/330.jpg","contentUrl":"https:\/\/www.saladeprensa.org\/que-hacen-los-diputados\/wp-content\/uploads\/330.jpg","width":132,"height":165},{"@type":"BreadcrumbList","@id":"https:\/\/www.saladeprensa.org\/que-hacen-los-diputados\/diputado\/meritxell-batet-lamana\/declaracion-de-bienes#breadcrumb","itemListElement":[{"@type":"ListItem","position":1,"name":"Portada","item":"https:\/\/www.saladeprensa.org\/que-hacen-los-diputados\/"},{"@type":"ListItem","position":2,"name":"Diputada Meritxell Batet Lama\u00f1a"}]},{"@type":"WebSite","@id":"https:\/\/www.saladeprensa.org\/que-hacen-los-diputados\/#website","url":"https:\/\/www.saladeprensa.org\/que-hacen-los-diputados\/","name":"Sala de prensa","description":"Otro sitio realizado con WordPress","publisher":{"@id":"https:\/\/www.saladeprensa.org\/que-hacen-los-diputados\/#organization"},"potentialAction":[{"@type":"SearchAction","target":{"@type":"EntryPoint","urlTemplate":"https:\/\/www.saladeprensa.org\/que-hacen-los-diputados\/?s={search_term_string}"},"query-input":{"@type":"PropertyValueSpecification","valueRequired":true,"valueName":"search_term_string"}}],"inLanguage":"es"},{"@type":"Organization","@id":"https:\/\/www.saladeprensa.org\/que-hacen-los-diputados\/#organization","name":"Sala de prensa","url":"https:\/\/www.saladeprensa.org\/que-hacen-los-diputados\/","logo":{"@type":"ImageObject","inLanguage":"es","@id":"https:\/\/www.saladeprensa.org\/que-hacen-los-diputados\/#\/schema\/logo\/image\/","url":"https:\/\/www.saladeprensa.org\/que-hacen-los-diputados\/wp-content\/uploads\/logo-saladeprensa.png","contentUrl":"https:\/\/www.saladeprensa.org\/que-hacen-los-diputados\/wp-content\/uploads\/logo-saladeprensa.png","width":256,"height":64,"caption":"Sala de prensa"},"image":{"@id":"https:\/\/www.saladeprensa.org\/que-hacen-los-diputados\/#\/schema\/logo\/image\/"}},{"@type":"Person","@id":"https:\/\/www.saladeprensa.org\/que-hacen-los-diputados\/#\/schema\/person\/c0b7ed04d0e0c7cd3129369e69180318","name":"eric","image":{"@type":"ImageObject","inLanguage":"es","@id":"https:\/\/www.saladeprensa.org\/que-hacen-los-diputados\/#\/schema\/person\/image\/","url":"https:\/\/secure.gravatar.com\/avatar\/03d9cb0a59502131405cd196850d9a09361cb5ff31a4b78acbabd4c38205996e?s=96&d=mm&r=g","contentUrl":"https:\/\/secure.gravatar.com\/avatar\/03d9cb0a59502131405cd196850d9a09361cb5ff31a4b78acbabd4c38205996e?s=96&d=mm&r=g","caption":"eric"},"sameAs":["https:\/\/www.saladeprensa.org\/que-hacen-los-diputados"]}]}},"_links":{"self":[{"href":"https:\/\/www.saladeprensa.org\/que-hacen-los-diputados\/wp-json\/wp\/v2\/posts\/194","targetHints":{"allow":["GET"]}}],"collection":[{"href":"https:\/\/www.saladeprensa.org\/que-hacen-los-diputados\/wp-json\/wp\/v2\/posts"}],"about":[{"href":"https:\/\/www.saladeprensa.org\/que-hacen-los-diputados\/wp-json\/wp\/v2\/types\/post"}],"author":[{"embeddable":true,"href":"https:\/\/www.saladeprensa.org\/que-hacen-los-diputados\/wp-json\/wp\/v2\/users\/1"}],"replies":[{"embeddable":true,"href":"https:\/\/www.saladeprensa.org\/que-hacen-los-diputados\/wp-json\/wp\/v2\/comments?post=194"}],"version-history":[{"count":3,"href":"https:\/\/www.saladeprensa.org\/que-hacen-los-diputados\/wp-json\/wp\/v2\/posts\/194\/revisions"}],"predecessor-version":[{"id":198,"href":"https:\/\/www.saladeprensa.org\/que-hacen-los-diputados\/wp-json\/wp\/v2\/posts\/194\/revisions\/198"}],"wp:attachment":[{"href":"https:\/\/www.saladeprensa.org\/que-hacen-los-diputados\/wp-json\/wp\/v2\/media?parent=194"}],"wp:term":[{"taxonomy":"category","embeddable":true,"href":"https:\/\/www.saladeprensa.org\/que-hacen-los-diputados\/wp-json\/wp\/v2\/categories?post=194"},{"taxonomy":"post_tag","embeddable":true,"href":"https:\/\/www.saladeprensa.org\/que-hacen-los-diputados\/wp-json\/wp\/v2\/tags?post=194"}],"curies":[{"name":"wp","href":"https:\/\/api.w.org\/{rel}","templated":true}]}}