{"id":13,"date":"2020-04-03T18:17:35","date_gmt":"2020-04-03T18:17:35","guid":{"rendered":"https:\/\/www.saladeprensa.org\/que-hacen-los-diputados\/?p=13"},"modified":"2020-04-08T14:41:46","modified_gmt":"2020-04-08T14:41:46","slug":"adopta-a-un-diputado-y-vuelca-su-patrimonio-a-formato-reutilizable","status":"publish","type":"post","link":"https:\/\/www.saladeprensa.org\/que-hacen-los-diputados\/adopta-a-un-diputado-y-vuelca-su-patrimonio-a-formato-reutilizable\/","title":{"rendered":"Adopta a un diputado y vuelca su patrimonio a formato reutilizable"},"content":{"rendered":"\n<p>&#8211; Ay\u00fadanos a completar y estandarizar la hoja de c\u00e1lculo con los bienes de los diputados. Faltan m\u00e1s de 300 por revisar<br>&#8211; Hacemos una quedada online el <strong>lunes 3 de diciembre a las 20:00 horas<\/strong> (GMT +1)<br>&#8211; Si quieres colaborar, lee el post y solic\u00edtanos acceso a la hoja con un mail de gmail.<\/p>\n\n\n\n<p>Como sab\u00e9is, hace ya alg\u00fan tiempo que el Congreso acab\u00f3 de publicar todas las&nbsp;<strong>declaraciones de bienes de los diputados<\/strong>&nbsp;en documentos&nbsp;<strong>pdf<\/strong>&nbsp;obtenidos a partir de formularios escaneados. Esa informaci\u00f3n, tal y como est\u00e1 en la web del Congreso hace que sea imposible trabajar con ella y extraer informaci\u00f3n, por eso es necesario volcar toda la informaci\u00f3n a un documento reutilizable (hoja de c\u00e1lculo que se puede pasar a csv o xml).<\/p>\n\n\n\n<div class=\"wp-block-image\"><figure class=\"aligncenter size-medium\"><img loading=\"lazy\" decoding=\"async\" width=\"530\" height=\"266\" src=\"https:\/\/www.saladeprensa.org\/que-hacen-los-diputados\/wp-content\/uploads\/hemiciclo2-530x266.jpg\" alt=\"\" class=\"wp-image-14\" srcset=\"https:\/\/www.saladeprensa.org\/que-hacen-los-diputados\/wp-content\/uploads\/hemiciclo2-530x266.jpg 530w, https:\/\/www.saladeprensa.org\/que-hacen-los-diputados\/wp-content\/uploads\/hemiciclo2-195x98.jpg 195w, https:\/\/www.saladeprensa.org\/que-hacen-los-diputados\/wp-content\/uploads\/hemiciclo2.jpg 600w\" sizes=\"auto, (max-width: 530px) 100vw, 530px\" \/><\/figure><\/div>\n\n\n\n<p>El diario La informaci\u00f3n, que en su d\u00eda public\u00f3 una magn\u00edfica infograf\u00eda con el&nbsp;<a href=\"http:\/\/especiales.lainformacion.com\/espana\/patrimonio-diputados\/\">patrimonio de los diputados<\/a>, nos pas\u00f3 la hoja de c\u00e1lculo con la que trabajaron. Desde entonces, los parlamentarios que no hab\u00edan entregado su declaraci\u00f3n lo hicieron y ha habido altas y bajas diversas.<\/p>\n\n\n\n<p>Queremos&nbsp;<strong>completar esa hoja de c\u00e1lculo<\/strong> y adem\u00e1s<strong>&nbsp;mejorarla fragmentando mucho los datos<\/strong>&nbsp;para poder extraer mayor informaci\u00f3n de ellos. Posteriormente estar\u00e1n disponibles en la propia hoja de c\u00e1lculo, en nuestra futura aplicaci\u00f3n<\/a> y web en abierto.<\/p>\n\n\n\n<p>Esta iniciativa est\u00e1 inspirada en la que puso en marcha en 2011 <a href=\"http:\/\/derecho-internet.org\/node\/569\">David Cabo de volcar a hojas de c\u00e1lculo las anteriores declaraciones de bienes<\/a>&nbsp;publicadas de diputados y senadores.<\/p>\n\n\n\n<p><strong>\u00bfC\u00f3mo nos puedes ayudar?<\/strong><\/p>\n\n\n\n<p>1. Entra en estahoja de c\u00e1lculo p\u00fablica, puedes verla pero no editar<br>2. Si quieres colaborar env\u00edanos un mail y te daremos de alta<br>3. <strong>Adopta a uno, dos o los diputados que quieras<\/strong>. Pon tu nombre, apodo o marca en la casilla J para adoptarlo, de forma que no se repita el trabajo<br>4. Abre el PDF de la declaraci\u00f3n de bienes (columna G) y revisa y\/o introduce la informaci\u00f3n en las columnas I en adelante<br>5. Si no te cabe alguna informaci\u00f3n, <strong>no crees una columna nueva<\/strong>. Pega los datos en Observaciones (columna IH).<br>5. Cuando termines ind\u00edcalo <strong>coloreando su nombre en verde<\/strong> y a\u00f1ade lo que creas conveniente en la columna de Notas.<\/p>\n\n\n\n<p>F\u00edjate que en el t\u00edtulo de cada columna aparecen&nbsp;<strong>notas aclaratorias y de c\u00f3mo rellenar las casillas<\/strong>&nbsp;en el formato correcto. Verlo es muy sencillo, s\u00f3lo tienes que poner encima el rat\u00f3n y se despliega la nota. Tambi\u00e9n puedes fijarte en las primeras filas y hasta la 27, que ya est\u00e1n correctamente rellenadas, para ver un ejemplo.<\/p>\n\n\n\n<p>Notas aclatorias de la hoja de c\u00e1lculo<\/p>\n\n\n\n<p><strong>\u00bfQu\u00e9 se consigue?<\/strong><\/p>\n\n\n\n<p>Al dar el formato correcto a los datos y cruzarlos con otros que est\u00e1n siendo procesados de igual forma, podemos descubrir \u201chuecos\u201d, irregularidades o simplemente tener una imagen m\u00e1s exacta de sus patrimonios y su evoluci\u00f3n.<\/p>\n\n\n\n<p>Comentarios, sugerencias o lo que sea al Twitter de&nbsp;<a href=\"https:\/\/twitter.com\/que_hacen\">@que_hacen<\/a>.<\/p>\n\n\n\n<p>* Post publicado originalmente el 26 de octubre, lo hemos actualizado y republicado<\/p>\n","protected":false},"excerpt":{"rendered":"<p>&#8211; Ay\u00fadanos a completar y estandarizar la hoja de c\u00e1lculo con los bienes de los diputados. Faltan m\u00e1s de 300 por revisar&#8211; Hacemos una quedada online el lunes 3 de diciembre a las 20:00 horas (GMT +1)&#8211; Si quieres colaborar, lee el post y solic\u00edtanos acceso a la hoja con un mail de gmail. Como [&hellip;]<\/p>\n","protected":false},"author":1,"featured_media":0,"comment_status":"open","ping_status":"open","sticky":false,"template":"","format":"standard","meta":{"site-sidebar-layout":"default","site-content-layout":"default","ast-site-content-layout":"","site-content-style":"default","site-sidebar-style":"default","ast-global-header-display":"","ast-banner-title-visibility":"","ast-main-header-display":"","ast-hfb-above-header-display":"","ast-hfb-below-header-display":"","ast-hfb-mobile-header-display":"","site-post-title":"","ast-breadcrumbs-content":"","ast-featured-img":"","footer-sml-layout":"","theme-transparent-header-meta":"default","adv-header-id-meta":"","stick-header-meta":"","header-above-stick-meta":"","header-main-stick-meta":"","header-below-stick-meta":"","astra-migrate-meta-layouts":"default","ast-page-background-enabled":"default","ast-page-background-meta":{"desktop":{"background-color":"","background-image":"","background-repeat":"repeat","background-position":"center center","background-size":"auto","background-attachment":"scroll","background-type":"","background-media":"","overlay-type":"","overlay-color":"","overlay-opacity":"","overlay-gradient":""},"tablet":{"background-color":"","background-image":"","background-repeat":"repeat","background-position":"center center","background-size":"auto","background-attachment":"scroll","background-type":"","background-media":"","overlay-type":"","overlay-color":"","overlay-opacity":"","overlay-gradient":""},"mobile":{"background-color":"","background-image":"","background-repeat":"repeat","background-position":"center center","background-size":"auto","background-attachment":"scroll","background-type":"","background-media":"","overlay-type":"","overlay-color":"","overlay-opacity":"","overlay-gradient":""}},"ast-content-background-meta":{"desktop":{"background-color":"var(--ast-global-color-5)","background-image":"","background-repeat":"repeat","background-position":"center center","background-size":"auto","background-attachment":"scroll","background-type":"","background-media":"","overlay-type":"","overlay-color":"","overlay-opacity":"","overlay-gradient":""},"tablet":{"background-color":"var(--ast-global-color-5)","background-image":"","background-repeat":"repeat","background-position":"center center","background-size":"auto","background-attachment":"scroll","background-type":"","background-media":"","overlay-type":"","overlay-color":"","overlay-opacity":"","overlay-gradient":""},"mobile":{"background-color":"var(--ast-global-color-5)","background-image":"","background-repeat":"repeat","background-position":"center center","background-size":"auto","background-attachment":"scroll","background-type":"","background-media":"","overlay-type":"","overlay-color":"","overlay-opacity":"","overlay-gradient":""}},"footnotes":""},"categories":[1],"tags":[],"class_list":["post-13","post","type-post","status-publish","format-standard","hentry","category-sin-categoria"],"yoast_head":"<!-- This site is optimized with the Yoast SEO plugin v25.1 - https:\/\/yoast.com\/wordpress\/plugins\/seo\/ -->\n<title>Adopta a un diputado y vuelca su patrimonio a formato reutilizable | Sala de prensa<\/title>\n<meta name=\"robots\" content=\"index, follow, max-snippet:-1, max-image-preview:large, max-video-preview:-1\" \/>\n<link rel=\"canonical\" href=\"https:\/\/www.saladeprensa.org\/que-hacen-los-diputados\/adopta-a-un-diputado-y-vuelca-su-patrimonio-a-formato-reutilizable\/\" \/>\n<meta property=\"og:locale\" content=\"es_ES\" \/>\n<meta property=\"og:type\" content=\"article\" \/>\n<meta property=\"og:title\" content=\"Adopta a un diputado y vuelca su patrimonio a formato reutilizable | Sala de prensa\" \/>\n<meta property=\"og:description\" content=\"&#8211; Ay\u00fadanos a completar y estandarizar la hoja de c\u00e1lculo con los bienes de los diputados. Faltan m\u00e1s de 300 por revisar&#8211; Hacemos una quedada online el lunes 3 de diciembre a las 20:00 horas (GMT +1)&#8211; Si quieres colaborar, lee el post y solic\u00edtanos acceso a la hoja con un mail de gmail. Como [&hellip;]\" \/>\n<meta property=\"og:url\" content=\"https:\/\/www.saladeprensa.org\/que-hacen-los-diputados\/adopta-a-un-diputado-y-vuelca-su-patrimonio-a-formato-reutilizable\/\" \/>\n<meta property=\"og:site_name\" content=\"Sala de prensa\" \/>\n<meta property=\"article:published_time\" content=\"2020-04-03T18:17:35+00:00\" \/>\n<meta property=\"article:modified_time\" content=\"2020-04-08T14:41:46+00:00\" \/>\n<meta property=\"og:image\" content=\"https:\/\/www.saladeprensa.org\/que-hacen-los-diputados\/wp-content\/uploads\/hemiciclo2-530x266.jpg\" \/>\n<meta name=\"author\" content=\"eric\" \/>\n<meta name=\"twitter:card\" content=\"summary_large_image\" \/>\n<meta name=\"twitter:label1\" content=\"Escrito por\" \/>\n\t<meta name=\"twitter:data1\" content=\"eric\" \/>\n\t<meta name=\"twitter:label2\" content=\"Tiempo de lectura\" \/>\n\t<meta name=\"twitter:data2\" content=\"3 minutos\" \/>\n<script type=\"application\/ld+json\" class=\"yoast-schema-graph\">{\"@context\":\"https:\/\/schema.org\",\"@graph\":[{\"@type\":\"Article\",\"@id\":\"https:\/\/www.saladeprensa.org\/que-hacen-los-diputados\/adopta-a-un-diputado-y-vuelca-su-patrimonio-a-formato-reutilizable\/#article\",\"isPartOf\":{\"@id\":\"https:\/\/www.saladeprensa.org\/que-hacen-los-diputados\/adopta-a-un-diputado-y-vuelca-su-patrimonio-a-formato-reutilizable\/\"},\"author\":{\"name\":\"eric\",\"@id\":\"https:\/\/www.saladeprensa.org\/que-hacen-los-diputados\/#\/schema\/person\/c0b7ed04d0e0c7cd3129369e69180318\"},\"headline\":\"Adopta a un diputado y vuelca su patrimonio a formato reutilizable\",\"datePublished\":\"2020-04-03T18:17:35+00:00\",\"dateModified\":\"2020-04-08T14:41:46+00:00\",\"mainEntityOfPage\":{\"@id\":\"https:\/\/www.saladeprensa.org\/que-hacen-los-diputados\/adopta-a-un-diputado-y-vuelca-su-patrimonio-a-formato-reutilizable\/\"},\"wordCount\":543,\"commentCount\":0,\"publisher\":{\"@id\":\"https:\/\/www.saladeprensa.org\/que-hacen-los-diputados\/#organization\"},\"image\":{\"@id\":\"https:\/\/www.saladeprensa.org\/que-hacen-los-diputados\/adopta-a-un-diputado-y-vuelca-su-patrimonio-a-formato-reutilizable\/#primaryimage\"},\"thumbnailUrl\":\"https:\/\/www.saladeprensa.org\/que-hacen-los-diputados\/wp-content\/uploads\/hemiciclo2-530x266.jpg\",\"inLanguage\":\"es\",\"potentialAction\":[{\"@type\":\"CommentAction\",\"name\":\"Comment\",\"target\":[\"https:\/\/www.saladeprensa.org\/que-hacen-los-diputados\/adopta-a-un-diputado-y-vuelca-su-patrimonio-a-formato-reutilizable\/#respond\"]}]},{\"@type\":\"WebPage\",\"@id\":\"https:\/\/www.saladeprensa.org\/que-hacen-los-diputados\/adopta-a-un-diputado-y-vuelca-su-patrimonio-a-formato-reutilizable\/\",\"url\":\"https:\/\/www.saladeprensa.org\/que-hacen-los-diputados\/adopta-a-un-diputado-y-vuelca-su-patrimonio-a-formato-reutilizable\/\",\"name\":\"Adopta a un diputado y vuelca su patrimonio a formato reutilizable | Sala de prensa\",\"isPartOf\":{\"@id\":\"https:\/\/www.saladeprensa.org\/que-hacen-los-diputados\/#website\"},\"primaryImageOfPage\":{\"@id\":\"https:\/\/www.saladeprensa.org\/que-hacen-los-diputados\/adopta-a-un-diputado-y-vuelca-su-patrimonio-a-formato-reutilizable\/#primaryimage\"},\"image\":{\"@id\":\"https:\/\/www.saladeprensa.org\/que-hacen-los-diputados\/adopta-a-un-diputado-y-vuelca-su-patrimonio-a-formato-reutilizable\/#primaryimage\"},\"thumbnailUrl\":\"https:\/\/www.saladeprensa.org\/que-hacen-los-diputados\/wp-content\/uploads\/hemiciclo2-530x266.jpg\",\"datePublished\":\"2020-04-03T18:17:35+00:00\",\"dateModified\":\"2020-04-08T14:41:46+00:00\",\"breadcrumb\":{\"@id\":\"https:\/\/www.saladeprensa.org\/que-hacen-los-diputados\/adopta-a-un-diputado-y-vuelca-su-patrimonio-a-formato-reutilizable\/#breadcrumb\"},\"inLanguage\":\"es\",\"potentialAction\":[{\"@type\":\"ReadAction\",\"target\":[\"https:\/\/www.saladeprensa.org\/que-hacen-los-diputados\/adopta-a-un-diputado-y-vuelca-su-patrimonio-a-formato-reutilizable\/\"]}]},{\"@type\":\"ImageObject\",\"inLanguage\":\"es\",\"@id\":\"https:\/\/www.saladeprensa.org\/que-hacen-los-diputados\/adopta-a-un-diputado-y-vuelca-su-patrimonio-a-formato-reutilizable\/#primaryimage\",\"url\":\"https:\/\/www.saladeprensa.org\/que-hacen-los-diputados\/wp-content\/uploads\/hemiciclo2.jpg\",\"contentUrl\":\"https:\/\/www.saladeprensa.org\/que-hacen-los-diputados\/wp-content\/uploads\/hemiciclo2.jpg\",\"width\":600,\"height\":301},{\"@type\":\"BreadcrumbList\",\"@id\":\"https:\/\/www.saladeprensa.org\/que-hacen-los-diputados\/adopta-a-un-diputado-y-vuelca-su-patrimonio-a-formato-reutilizable\/#breadcrumb\",\"itemListElement\":[{\"@type\":\"ListItem\",\"position\":1,\"name\":\"Portada\",\"item\":\"https:\/\/www.saladeprensa.org\/que-hacen-los-diputados\/\"},{\"@type\":\"ListItem\",\"position\":2,\"name\":\"Adopta a un diputado y vuelca su patrimonio a formato reutilizable\"}]},{\"@type\":\"WebSite\",\"@id\":\"https:\/\/www.saladeprensa.org\/que-hacen-los-diputados\/#website\",\"url\":\"https:\/\/www.saladeprensa.org\/que-hacen-los-diputados\/\",\"name\":\"Sala de prensa\",\"description\":\"Otro sitio realizado con WordPress\",\"publisher\":{\"@id\":\"https:\/\/www.saladeprensa.org\/que-hacen-los-diputados\/#organization\"},\"potentialAction\":[{\"@type\":\"SearchAction\",\"target\":{\"@type\":\"EntryPoint\",\"urlTemplate\":\"https:\/\/www.saladeprensa.org\/que-hacen-los-diputados\/?s={search_term_string}\"},\"query-input\":{\"@type\":\"PropertyValueSpecification\",\"valueRequired\":true,\"valueName\":\"search_term_string\"}}],\"inLanguage\":\"es\"},{\"@type\":\"Organization\",\"@id\":\"https:\/\/www.saladeprensa.org\/que-hacen-los-diputados\/#organization\",\"name\":\"Sala de prensa\",\"url\":\"https:\/\/www.saladeprensa.org\/que-hacen-los-diputados\/\",\"logo\":{\"@type\":\"ImageObject\",\"inLanguage\":\"es\",\"@id\":\"https:\/\/www.saladeprensa.org\/que-hacen-los-diputados\/#\/schema\/logo\/image\/\",\"url\":\"https:\/\/www.saladeprensa.org\/que-hacen-los-diputados\/wp-content\/uploads\/logo-saladeprensa.png\",\"contentUrl\":\"https:\/\/www.saladeprensa.org\/que-hacen-los-diputados\/wp-content\/uploads\/logo-saladeprensa.png\",\"width\":256,\"height\":64,\"caption\":\"Sala de prensa\"},\"image\":{\"@id\":\"https:\/\/www.saladeprensa.org\/que-hacen-los-diputados\/#\/schema\/logo\/image\/\"}},{\"@type\":\"Person\",\"@id\":\"https:\/\/www.saladeprensa.org\/que-hacen-los-diputados\/#\/schema\/person\/c0b7ed04d0e0c7cd3129369e69180318\",\"name\":\"eric\",\"image\":{\"@type\":\"ImageObject\",\"inLanguage\":\"es\",\"@id\":\"https:\/\/www.saladeprensa.org\/que-hacen-los-diputados\/#\/schema\/person\/image\/\",\"url\":\"https:\/\/secure.gravatar.com\/avatar\/03d9cb0a59502131405cd196850d9a09361cb5ff31a4b78acbabd4c38205996e?s=96&d=mm&r=g\",\"contentUrl\":\"https:\/\/secure.gravatar.com\/avatar\/03d9cb0a59502131405cd196850d9a09361cb5ff31a4b78acbabd4c38205996e?s=96&d=mm&r=g\",\"caption\":\"eric\"},\"sameAs\":[\"https:\/\/www.saladeprensa.org\/que-hacen-los-diputados\"]}]}<\/script>\n<!-- \/ Yoast SEO plugin. -->","yoast_head_json":{"title":"Adopta a un diputado y vuelca su patrimonio a formato reutilizable | Sala de prensa","robots":{"index":"index","follow":"follow","max-snippet":"max-snippet:-1","max-image-preview":"max-image-preview:large","max-video-preview":"max-video-preview:-1"},"canonical":"https:\/\/www.saladeprensa.org\/que-hacen-los-diputados\/adopta-a-un-diputado-y-vuelca-su-patrimonio-a-formato-reutilizable\/","og_locale":"es_ES","og_type":"article","og_title":"Adopta a un diputado y vuelca su patrimonio a formato reutilizable | Sala de prensa","og_description":"&#8211; Ay\u00fadanos a completar y estandarizar la hoja de c\u00e1lculo con los bienes de los diputados. Faltan m\u00e1s de 300 por revisar&#8211; Hacemos una quedada online el lunes 3 de diciembre a las 20:00 horas (GMT +1)&#8211; Si quieres colaborar, lee el post y solic\u00edtanos acceso a la hoja con un mail de gmail. Como [&hellip;]","og_url":"https:\/\/www.saladeprensa.org\/que-hacen-los-diputados\/adopta-a-un-diputado-y-vuelca-su-patrimonio-a-formato-reutilizable\/","og_site_name":"Sala de prensa","article_published_time":"2020-04-03T18:17:35+00:00","article_modified_time":"2020-04-08T14:41:46+00:00","og_image":[{"url":"https:\/\/www.saladeprensa.org\/que-hacen-los-diputados\/wp-content\/uploads\/hemiciclo2-530x266.jpg","type":"","width":"","height":""}],"author":"eric","twitter_card":"summary_large_image","twitter_misc":{"Escrito por":"eric","Tiempo de lectura":"3 minutos"},"schema":{"@context":"https:\/\/schema.org","@graph":[{"@type":"Article","@id":"https:\/\/www.saladeprensa.org\/que-hacen-los-diputados\/adopta-a-un-diputado-y-vuelca-su-patrimonio-a-formato-reutilizable\/#article","isPartOf":{"@id":"https:\/\/www.saladeprensa.org\/que-hacen-los-diputados\/adopta-a-un-diputado-y-vuelca-su-patrimonio-a-formato-reutilizable\/"},"author":{"name":"eric","@id":"https:\/\/www.saladeprensa.org\/que-hacen-los-diputados\/#\/schema\/person\/c0b7ed04d0e0c7cd3129369e69180318"},"headline":"Adopta a un diputado y vuelca su patrimonio a formato reutilizable","datePublished":"2020-04-03T18:17:35+00:00","dateModified":"2020-04-08T14:41:46+00:00","mainEntityOfPage":{"@id":"https:\/\/www.saladeprensa.org\/que-hacen-los-diputados\/adopta-a-un-diputado-y-vuelca-su-patrimonio-a-formato-reutilizable\/"},"wordCount":543,"commentCount":0,"publisher":{"@id":"https:\/\/www.saladeprensa.org\/que-hacen-los-diputados\/#organization"},"image":{"@id":"https:\/\/www.saladeprensa.org\/que-hacen-los-diputados\/adopta-a-un-diputado-y-vuelca-su-patrimonio-a-formato-reutilizable\/#primaryimage"},"thumbnailUrl":"https:\/\/www.saladeprensa.org\/que-hacen-los-diputados\/wp-content\/uploads\/hemiciclo2-530x266.jpg","inLanguage":"es","potentialAction":[{"@type":"CommentAction","name":"Comment","target":["https:\/\/www.saladeprensa.org\/que-hacen-los-diputados\/adopta-a-un-diputado-y-vuelca-su-patrimonio-a-formato-reutilizable\/#respond"]}]},{"@type":"WebPage","@id":"https:\/\/www.saladeprensa.org\/que-hacen-los-diputados\/adopta-a-un-diputado-y-vuelca-su-patrimonio-a-formato-reutilizable\/","url":"https:\/\/www.saladeprensa.org\/que-hacen-los-diputados\/adopta-a-un-diputado-y-vuelca-su-patrimonio-a-formato-reutilizable\/","name":"Adopta a un diputado y vuelca su patrimonio a formato reutilizable | Sala de prensa","isPartOf":{"@id":"https:\/\/www.saladeprensa.org\/que-hacen-los-diputados\/#website"},"primaryImageOfPage":{"@id":"https:\/\/www.saladeprensa.org\/que-hacen-los-diputados\/adopta-a-un-diputado-y-vuelca-su-patrimonio-a-formato-reutilizable\/#primaryimage"},"image":{"@id":"https:\/\/www.saladeprensa.org\/que-hacen-los-diputados\/adopta-a-un-diputado-y-vuelca-su-patrimonio-a-formato-reutilizable\/#primaryimage"},"thumbnailUrl":"https:\/\/www.saladeprensa.org\/que-hacen-los-diputados\/wp-content\/uploads\/hemiciclo2-530x266.jpg","datePublished":"2020-04-03T18:17:35+00:00","dateModified":"2020-04-08T14:41:46+00:00","breadcrumb":{"@id":"https:\/\/www.saladeprensa.org\/que-hacen-los-diputados\/adopta-a-un-diputado-y-vuelca-su-patrimonio-a-formato-reutilizable\/#breadcrumb"},"inLanguage":"es","potentialAction":[{"@type":"ReadAction","target":["https:\/\/www.saladeprensa.org\/que-hacen-los-diputados\/adopta-a-un-diputado-y-vuelca-su-patrimonio-a-formato-reutilizable\/"]}]},{"@type":"ImageObject","inLanguage":"es","@id":"https:\/\/www.saladeprensa.org\/que-hacen-los-diputados\/adopta-a-un-diputado-y-vuelca-su-patrimonio-a-formato-reutilizable\/#primaryimage","url":"https:\/\/www.saladeprensa.org\/que-hacen-los-diputados\/wp-content\/uploads\/hemiciclo2.jpg","contentUrl":"https:\/\/www.saladeprensa.org\/que-hacen-los-diputados\/wp-content\/uploads\/hemiciclo2.jpg","width":600,"height":301},{"@type":"BreadcrumbList","@id":"https:\/\/www.saladeprensa.org\/que-hacen-los-diputados\/adopta-a-un-diputado-y-vuelca-su-patrimonio-a-formato-reutilizable\/#breadcrumb","itemListElement":[{"@type":"ListItem","position":1,"name":"Portada","item":"https:\/\/www.saladeprensa.org\/que-hacen-los-diputados\/"},{"@type":"ListItem","position":2,"name":"Adopta a un diputado y vuelca su patrimonio a formato reutilizable"}]},{"@type":"WebSite","@id":"https:\/\/www.saladeprensa.org\/que-hacen-los-diputados\/#website","url":"https:\/\/www.saladeprensa.org\/que-hacen-los-diputados\/","name":"Sala de prensa","description":"Otro sitio realizado con WordPress","publisher":{"@id":"https:\/\/www.saladeprensa.org\/que-hacen-los-diputados\/#organization"},"potentialAction":[{"@type":"SearchAction","target":{"@type":"EntryPoint","urlTemplate":"https:\/\/www.saladeprensa.org\/que-hacen-los-diputados\/?s={search_term_string}"},"query-input":{"@type":"PropertyValueSpecification","valueRequired":true,"valueName":"search_term_string"}}],"inLanguage":"es"},{"@type":"Organization","@id":"https:\/\/www.saladeprensa.org\/que-hacen-los-diputados\/#organization","name":"Sala de prensa","url":"https:\/\/www.saladeprensa.org\/que-hacen-los-diputados\/","logo":{"@type":"ImageObject","inLanguage":"es","@id":"https:\/\/www.saladeprensa.org\/que-hacen-los-diputados\/#\/schema\/logo\/image\/","url":"https:\/\/www.saladeprensa.org\/que-hacen-los-diputados\/wp-content\/uploads\/logo-saladeprensa.png","contentUrl":"https:\/\/www.saladeprensa.org\/que-hacen-los-diputados\/wp-content\/uploads\/logo-saladeprensa.png","width":256,"height":64,"caption":"Sala de prensa"},"image":{"@id":"https:\/\/www.saladeprensa.org\/que-hacen-los-diputados\/#\/schema\/logo\/image\/"}},{"@type":"Person","@id":"https:\/\/www.saladeprensa.org\/que-hacen-los-diputados\/#\/schema\/person\/c0b7ed04d0e0c7cd3129369e69180318","name":"eric","image":{"@type":"ImageObject","inLanguage":"es","@id":"https:\/\/www.saladeprensa.org\/que-hacen-los-diputados\/#\/schema\/person\/image\/","url":"https:\/\/secure.gravatar.com\/avatar\/03d9cb0a59502131405cd196850d9a09361cb5ff31a4b78acbabd4c38205996e?s=96&d=mm&r=g","contentUrl":"https:\/\/secure.gravatar.com\/avatar\/03d9cb0a59502131405cd196850d9a09361cb5ff31a4b78acbabd4c38205996e?s=96&d=mm&r=g","caption":"eric"},"sameAs":["https:\/\/www.saladeprensa.org\/que-hacen-los-diputados"]}]}},"_links":{"self":[{"href":"https:\/\/www.saladeprensa.org\/que-hacen-los-diputados\/wp-json\/wp\/v2\/posts\/13","targetHints":{"allow":["GET"]}}],"collection":[{"href":"https:\/\/www.saladeprensa.org\/que-hacen-los-diputados\/wp-json\/wp\/v2\/posts"}],"about":[{"href":"https:\/\/www.saladeprensa.org\/que-hacen-los-diputados\/wp-json\/wp\/v2\/types\/post"}],"author":[{"embeddable":true,"href":"https:\/\/www.saladeprensa.org\/que-hacen-los-diputados\/wp-json\/wp\/v2\/users\/1"}],"replies":[{"embeddable":true,"href":"https:\/\/www.saladeprensa.org\/que-hacen-los-diputados\/wp-json\/wp\/v2\/comments?post=13"}],"version-history":[{"count":2,"href":"https:\/\/www.saladeprensa.org\/que-hacen-los-diputados\/wp-json\/wp\/v2\/posts\/13\/revisions"}],"predecessor-version":[{"id":16,"href":"https:\/\/www.saladeprensa.org\/que-hacen-los-diputados\/wp-json\/wp\/v2\/posts\/13\/revisions\/16"}],"wp:attachment":[{"href":"https:\/\/www.saladeprensa.org\/que-hacen-los-diputados\/wp-json\/wp\/v2\/media?parent=13"}],"wp:term":[{"taxonomy":"category","embeddable":true,"href":"https:\/\/www.saladeprensa.org\/que-hacen-los-diputados\/wp-json\/wp\/v2\/categories?post=13"},{"taxonomy":"post_tag","embeddable":true,"href":"https:\/\/www.saladeprensa.org\/que-hacen-los-diputados\/wp-json\/wp\/v2\/tags?post=13"}],"curies":[{"name":"wp","href":"https:\/\/api.w.org\/{rel}","templated":true}]}}